{"id":47996,"date":"2022-09-18T14:42:00","date_gmt":"2022-09-18T14:42:00","guid":{"rendered":"https:\/\/sectorprensa.com.ar\/?p=47996"},"modified":"2022-09-18T17:42:41","modified_gmt":"2022-09-18T17:42:41","slug":"merlo-se-entregaron-semillas-en-pontevedra","status":"publish","type":"post","link":"https:\/\/sectorprensa.com.ar\/?p=47996","title":{"rendered":"Merlo: se entregaron semillas en Pontevedra"},"content":{"rendered":"\n<h6 class=\"wp-block-heading\"><strong>En la Huerta Vecinal, la Subsecretar\u00eda de Ambiente, Producci\u00f3n y Econom\u00eda Circular cerr\u00f3 la entrega de semillas de la temporada primavera-verano.<\/strong><\/h6>\n\n\n\n<p>Se realiz\u00f3 la entrega de semillas en Pontevedra, en la Huerta Vecinal. All\u00ed, los vecinos recibieron recomendaciones para comenzar una huerta en el hogar, c\u00f3mo cuidar el suelo y los beneficios de consumir alimentos org\u00e1nicos. El objetivo es educar a familias y promover seguridad y soberan\u00eda alimentaria.<\/p>\n\n\n\n<p>Los merlenses pudieron intercambiar sus materiales reciclables por un kit de semillas de estaci\u00f3n, en el marco del Eco-Canje de Reciclables. Cabe destacar, la actividad se llev\u00f3 a cabo durante todo la semana y en diferentes puntos del distrito.<\/p>\n\n\n\n<p>Mariano Lucena, Subsecretario de Ambiente, Producci\u00f3n y Econom\u00eda Circular, se\u00f1al\u00f3 que se busca el compromiso con el medio ambiente: \u00abLo que buscamos generar con estas acciones es un compromiso de las personas con el medio ambiente y demostrar que en un espacio reducido se pueden crear grandes cosas\u201d.<\/p>\n\n\n\n<figure class=\"wp-block-embed is-type-wp-embed is-provider-sector-prensa wp-block-embed-sector-prensa\"><div class=\"wp-block-embed__wrapper\">\n<blockquote class=\"wp-embedded-content\" data-secret=\"LjBZ5B3CjP\"><a href=\"https:\/\/sectorprensa.com.ar\/2022\/09\/17\/merlo-se-realizo-una-jornada-de-asesoramiento-de-desarrollo-social\/\">Merlo: se realiz\u00f3 una jornada de asesoramiento de desarrollo social<\/a><\/blockquote><iframe loading=\"lazy\" class=\"wp-embedded-content\" sandbox=\"allow-scripts\" security=\"restricted\" style=\"position: absolute; clip: rect(1px, 1px, 1px, 1px);\" title=\"\u00abMerlo: se realiz\u00f3 una jornada de asesoramiento de desarrollo social\u00bb \u2014 Sector Prensa\" src=\"https:\/\/sectorprensa.com.ar\/2022\/09\/17\/merlo-se-realizo-una-jornada-de-asesoramiento-de-desarrollo-social\/embed\/#?secret=vNWPiZMAs8#?secret=LjBZ5B3CjP\" data-secret=\"LjBZ5B3CjP\" width=\"600\" height=\"338\" frameborder=\"0\" marginwidth=\"0\" marginheight=\"0\" scrolling=\"no\"><\/iframe>\n<\/div><\/figure>\n\r\n","protected":false},"excerpt":{"rendered":"<p>En la Huerta Vecinal, la Subsecretar\u00eda de Ambiente, Producci\u00f3n y Econom\u00eda Circular cerr\u00f3 la entrega de semillas de la temporada<\/p>\n","protected":false},"author":1,"featured_media":47997,"comment_status":"closed","ping_status":"closed","sticky":false,"template":"","format":"standard","meta":{"colormag_page_container_layout":"default_layout","colormag_page_sidebar_layout":"default_layout","footnotes":""},"categories":[17,7,1173],"tags":[6933,25,1760],"class_list":["post-47996","post","type-post","status-publish","format-standard","has-post-thumbnail","hentry","category-destacadas","category-merlo","category-municipales","tag-eco-canje-de-reciclables","tag-merlo","tag-pontevedra"],"_links":{"self":[{"href":"https:\/\/sectorprensa.com.ar\/index.php?rest_route=\/wp\/v2\/posts\/47996","targetHints":{"allow":["GET"]}}],"collection":[{"href":"https:\/\/sectorprensa.com.ar\/index.php?rest_route=\/wp\/v2\/posts"}],"about":[{"href":"https:\/\/sectorprensa.com.ar\/index.php?rest_route=\/wp\/v2\/types\/post"}],"author":[{"embeddable":true,"href":"https:\/\/sectorprensa.com.ar\/index.php?rest_route=\/wp\/v2\/users\/1"}],"replies":[{"embeddable":true,"href":"https:\/\/sectorprensa.com.ar\/index.php?rest_route=%2Fwp%2Fv2%2Fcomments&post=47996"}],"version-history":[{"count":1,"href":"https:\/\/sectorprensa.com.ar\/index.php?rest_route=\/wp\/v2\/posts\/47996\/revisions"}],"predecessor-version":[{"id":47998,"href":"https:\/\/sectorprensa.com.ar\/index.php?rest_route=\/wp\/v2\/posts\/47996\/revisions\/47998"}],"wp:featuredmedia":[{"embeddable":true,"href":"https:\/\/sectorprensa.com.ar\/index.php?rest_route=\/wp\/v2\/media\/47997"}],"wp:attachment":[{"href":"https:\/\/sectorprensa.com.ar\/index.php?rest_route=%2Fwp%2Fv2%2Fmedia&parent=47996"}],"wp:term":[{"taxonomy":"category","embeddable":true,"href":"https:\/\/sectorprensa.com.ar\/index.php?rest_route=%2Fwp%2Fv2%2Fcategories&post=47996"},{"taxonomy":"post_tag","embeddable":true,"href":"https:\/\/sectorprensa.com.ar\/index.php?rest_route=%2Fwp%2Fv2%2Ftags&post=47996"}],"curies":[{"name":"wp","href":"https:\/\/api.w.org\/{rel}","templated":true}]}}