{"id":47999,"date":"2022-09-18T17:47:00","date_gmt":"2022-09-18T17:47:00","guid":{"rendered":"https:\/\/sectorprensa.com.ar\/?p=47999"},"modified":"2022-09-18T20:47:37","modified_gmt":"2022-09-18T20:47:37","slug":"moron-regresa-el-festival-la-minga","status":"publish","type":"post","link":"https:\/\/sectorprensa.com.ar\/?p=47999","title":{"rendered":"Mor\u00f3n: regresa el festival La Minga"},"content":{"rendered":"\n<h6 class=\"wp-block-heading\"><strong>Se trata de un evento cultural, inclusivo y solidario, se llevar\u00e1 a cabo el pr\u00f3ximo domingo.<\/strong><\/h6>\n\n\n\n<p>En el marco del Mes de las Juventudes, que tendr\u00e1 su cierre este domingo 25 de septiembre, se realizar\u00e1 el festival La Minga, desde las 14hs. El evento cultural, solidario e inclusivo, se llevar\u00e1 adelante en el Polideportivo Gorki Grana \u2014 Predio Quinta Ser\u00e9.<\/p>\n\n\n\n<p>Durante la jornada, las familias podr\u00e1n disfrutar tambi\u00e9n de feria de emprendedores, actividades deportivas, arte urbano, food trucks, radio abierta, feria de la historieta independiente, entre otras actividades. Los shows musicales estar\u00e1n a cargo de Rei, DJ Coneja China, Mariana Baggio, Titi y Coloso, se presentar\u00e1 la Orquesta Sinf\u00f3nica Municipal, habr\u00e1 Open MIC y allstyle libre.<\/p>\n\n\n\n<p>En cuanto al sector deportivo, se podr\u00e1 participar de entrenamientos y cl\u00ednicas de skatepark, slackline, rampa libre para skate. Adem\u00e1s, los m\u00e1s chicos podr\u00e1n acercarse a los juegos de la plaza blanda e inflables. Y, en las actividades l\u00fadicas se contar\u00e1 con un ajedrez abierto al p\u00fablico, donde participar\u00e1n docentes y alumnos de la Escuela Municipal de Ajedrez \u201cRoberto Grau\u201d.<\/p>\n\n\n\n<p>En otro \u00e1rea del predio, habr\u00e1 un espacio destinado a las infancias en el que habr\u00e1 propuestas l\u00fadicas como talleres de armado de juegos. En el mismo sector estar\u00e1 el escenario \u201cLa Minguita\u201d donde se realizar\u00e1n espect\u00e1culos musicales infantiles y lectura para ni\u00f1os y ni\u00f1as.<\/p>\n\n\n\n<p>En el Microestadio Diego Armando Maradona, se realizar\u00e1 el Festival Oeste Otaku. En el mismo, se hallar\u00e1n m\u00e1s de 70 stands de emprendedores anim\u00e9, historietas, comics y mangas. Sumado a esto, habr\u00e1 cosplayers, sectores de gaming y realidad virtual.<\/p>\n\n\n\n<p>Adem\u00e1s de las actividades art\u00edsticas y recreativas, tambi\u00e9n se realizar\u00e1n visitas guiadas por las excavaciones del Espacio Mansi\u00f3n Ser\u00e9 y muestras en la Casa de la Memoria y el Espacio por la Memoria de los Pueblos Originarios. Habr\u00e1 stands de j\u00f3venes y memoria, de orientaci\u00f3n vocacional y de salud. Puntos de vacunaci\u00f3n COVID y calendario, asesor\u00eda m\u00e9todos anticonceptivos y testeo VHI y Punto PROGRESAR.<\/p>\n\n\n\n<p>Distintas \u00e1reas del Municipio estar\u00e1n presentes con propuestas participativas y dar\u00e1n informaci\u00f3n sobre g\u00e9nero, mujeres, diversidad, Derechos Humanos, Educaci\u00f3n, ni\u00f1ez y juventudes, Salud, pol\u00edticas ambientales y desarrollo econ\u00f3mico local, entre otros. En tanto, los adultos y adultas mayores, podr\u00e1n disfrutar de actividades de estimulaci\u00f3n cognitiva y ludoteca mayor acompa\u00f1ado por el Grupo COPAM (Consejo Personas Adultas Mayores).<\/p>\n\n\n\n<p>En el evento tambi\u00e9n estar\u00e1 presente el Espacio SustenArte, quienes informar\u00e1n sobre pr\u00e1cticas sustentables para el hogar como modelos de compostaje, huerta vertical y jard\u00edn silvestre, entre otras propuestas. Por su parte, la estaci\u00f3n ambiental estar\u00e1 recibiendo botellas de aceite y promocionando informaci\u00f3n sobre el reciclaje. Tambi\u00e9n, se unir\u00e1 ACUMAR con un Cine M\u00f3vil frente al SUM.<\/p>\n\n\n\n<figure class=\"wp-block-embed is-type-wp-embed is-provider-sector-prensa wp-block-embed-sector-prensa\"><div class=\"wp-block-embed__wrapper\">\n<blockquote class=\"wp-embedded-content\" data-secret=\"6Qt6bmOvrw\"><a href=\"https:\/\/sectorprensa.com.ar\/2022\/09\/17\/moron-comenzaron-las-obras-para-repavimentar-y-mejorar-la-calle-arenales\/\">Mor\u00f3n: comenzaron las obras para repavimentar y mejorar la calle arenales<\/a><\/blockquote><iframe loading=\"lazy\" class=\"wp-embedded-content\" sandbox=\"allow-scripts\" security=\"restricted\" style=\"position: absolute; clip: rect(1px, 1px, 1px, 1px);\" title=\"\u00abMor\u00f3n: comenzaron las obras para repavimentar y mejorar la calle arenales\u00bb \u2014 Sector Prensa\" src=\"https:\/\/sectorprensa.com.ar\/2022\/09\/17\/moron-comenzaron-las-obras-para-repavimentar-y-mejorar-la-calle-arenales\/embed\/#?secret=WOMTUulmou#?secret=6Qt6bmOvrw\" data-secret=\"6Qt6bmOvrw\" width=\"600\" height=\"338\" frameborder=\"0\" marginwidth=\"0\" marginheight=\"0\" scrolling=\"no\"><\/iframe>\n<\/div><\/figure>\n\r\n","protected":false},"excerpt":{"rendered":"<p>Se trata de un evento cultural, inclusivo y solidario, se llevar\u00e1 a cabo el pr\u00f3ximo domingo. En el marco del<\/p>\n","protected":false},"author":1,"featured_media":48000,"comment_status":"closed","ping_status":"closed","sticky":false,"template":"","format":"standard","meta":{"colormag_page_container_layout":"default_layout","colormag_page_sidebar_layout":"default_layout","footnotes":""},"categories":[6828,5,1173],"tags":[],"class_list":["post-47999","post","type-post","status-publish","format-standard","has-post-thumbnail","hentry","category-mas-destacadas","category-moron","category-municipales"],"_links":{"self":[{"href":"https:\/\/sectorprensa.com.ar\/index.php?rest_route=\/wp\/v2\/posts\/47999","targetHints":{"allow":["GET"]}}],"collection":[{"href":"https:\/\/sectorprensa.com.ar\/index.php?rest_route=\/wp\/v2\/posts"}],"about":[{"href":"https:\/\/sectorprensa.com.ar\/index.php?rest_route=\/wp\/v2\/types\/post"}],"author":[{"embeddable":true,"href":"https:\/\/sectorprensa.com.ar\/index.php?rest_route=\/wp\/v2\/users\/1"}],"replies":[{"embeddable":true,"href":"https:\/\/sectorprensa.com.ar\/index.php?rest_route=%2Fwp%2Fv2%2Fcomments&post=47999"}],"version-history":[{"count":1,"href":"https:\/\/sectorprensa.com.ar\/index.php?rest_route=\/wp\/v2\/posts\/47999\/revisions"}],"predecessor-version":[{"id":48001,"href":"https:\/\/sectorprensa.com.ar\/index.php?rest_route=\/wp\/v2\/posts\/47999\/revisions\/48001"}],"wp:featuredmedia":[{"embeddable":true,"href":"https:\/\/sectorprensa.com.ar\/index.php?rest_route=\/wp\/v2\/media\/48000"}],"wp:attachment":[{"href":"https:\/\/sectorprensa.com.ar\/index.php?rest_route=%2Fwp%2Fv2%2Fmedia&parent=47999"}],"wp:term":[{"taxonomy":"category","embeddable":true,"href":"https:\/\/sectorprensa.com.ar\/index.php?rest_route=%2Fwp%2Fv2%2Fcategories&post=47999"},{"taxonomy":"post_tag","embeddable":true,"href":"https:\/\/sectorprensa.com.ar\/index.php?rest_route=%2Fwp%2Fv2%2Ftags&post=47999"}],"curies":[{"name":"wp","href":"https:\/\/api.w.org\/{rel}","templated":true}]}}