{"id":48009,"date":"2022-09-18T23:01:00","date_gmt":"2022-09-18T23:01:00","guid":{"rendered":"https:\/\/sectorprensa.com.ar\/?p=48009"},"modified":"2022-09-19T02:01:42","modified_gmt":"2022-09-19T02:01:42","slug":"midland-recibio-un-duro-golpe-en-su-casa","status":"publish","type":"post","link":"https:\/\/sectorprensa.com.ar\/?p=48009","title":{"rendered":"Midland recibi\u00f3 un duro golpe en su casa"},"content":{"rendered":"\n<h6 class=\"wp-block-heading\"><strong>El Funebrero no pudo ante San Mart\u00edn de Burzaco y cay\u00f3 por 1 a 0 en Libertad.<\/strong><\/h6>\n\n\n\n<p>En el marco de la 15\u00aa fecha del Torneo Clausura de la Primera C, Midland sufri\u00f3 una dura derrota en el Ciudad de Libertad ante San Mart\u00edn de Burzaco por 1 a 0.<\/p>\n\n\n\n<p>La \u00fanica emoci\u00f3n del encuentro lleg\u00f3 en la etapa complementaria, Lautaro N\u00fa\u00f1ez convirti\u00f3 para la visita cuando se jugaban 27 minutos. Cabe destacar, en el entretiempo se hizo entrega de un reconocimiento para Andr\u00e9s Siena por su pasado en el Funebrero.<\/p>\n\n\n\n<p>El equipo de la dupla Modolo-Orsini se ubica en la 13\u00aa posici\u00f3n, hasta el momento cosech\u00f3 15 unidades. En la pr\u00f3xima jornada, visitar\u00e1 a El Porvenir.<\/p>\n\n\n\n<p><strong>Foto de archivo<\/strong><\/p>\n\r\n","protected":false},"excerpt":{"rendered":"<p>El Funebrero no pudo ante San Mart\u00edn de Burzaco y cay\u00f3 por 1 a 0 en Libertad. En el marco<\/p>\n","protected":false},"author":1,"featured_media":48010,"comment_status":"closed","ping_status":"closed","sticky":false,"template":"","format":"standard","meta":{"colormag_page_container_layout":"default_layout","colormag_page_sidebar_layout":"default_layout","footnotes":""},"categories":[11],"tags":[89,91],"class_list":["post-48009","post","type-post","status-publish","format-standard","has-post-thumbnail","hentry","category-deportes","tag-midland","tag-primera-c"],"_links":{"self":[{"href":"https:\/\/sectorprensa.com.ar\/index.php?rest_route=\/wp\/v2\/posts\/48009","targetHints":{"allow":["GET"]}}],"collection":[{"href":"https:\/\/sectorprensa.com.ar\/index.php?rest_route=\/wp\/v2\/posts"}],"about":[{"href":"https:\/\/sectorprensa.com.ar\/index.php?rest_route=\/wp\/v2\/types\/post"}],"author":[{"embeddable":true,"href":"https:\/\/sectorprensa.com.ar\/index.php?rest_route=\/wp\/v2\/users\/1"}],"replies":[{"embeddable":true,"href":"https:\/\/sectorprensa.com.ar\/index.php?rest_route=%2Fwp%2Fv2%2Fcomments&post=48009"}],"version-history":[{"count":2,"href":"https:\/\/sectorprensa.com.ar\/index.php?rest_route=\/wp\/v2\/posts\/48009\/revisions"}],"predecessor-version":[{"id":48012,"href":"https:\/\/sectorprensa.com.ar\/index.php?rest_route=\/wp\/v2\/posts\/48009\/revisions\/48012"}],"wp:featuredmedia":[{"embeddable":true,"href":"https:\/\/sectorprensa.com.ar\/index.php?rest_route=\/wp\/v2\/media\/48010"}],"wp:attachment":[{"href":"https:\/\/sectorprensa.com.ar\/index.php?rest_route=%2Fwp%2Fv2%2Fmedia&parent=48009"}],"wp:term":[{"taxonomy":"category","embeddable":true,"href":"https:\/\/sectorprensa.com.ar\/index.php?rest_route=%2Fwp%2Fv2%2Fcategories&post=48009"},{"taxonomy":"post_tag","embeddable":true,"href":"https:\/\/sectorprensa.com.ar\/index.php?rest_route=%2Fwp%2Fv2%2Ftags&post=48009"}],"curies":[{"name":"wp","href":"https:\/\/api.w.org\/{rel}","templated":true}]}}