{"id":48098,"date":"2022-09-21T12:45:00","date_gmt":"2022-09-21T12:45:00","guid":{"rendered":"https:\/\/sectorprensa.com.ar\/?p=48098"},"modified":"2022-09-21T15:51:47","modified_gmt":"2022-09-21T15:51:47","slug":"es-oficial-el-uso-del-barbijo-deja-de-ser-obligatorio-en-todo-el-pais","status":"publish","type":"post","link":"https:\/\/sectorprensa.com.ar\/?p=48098","title":{"rendered":"Es oficial: el uso del barbijo deja de ser obligatorio en todo el pa\u00eds"},"content":{"rendered":"\n<h6 class=\"wp-block-heading\"><strong>De todos modos, el Ministerio de Salud de la Naci\u00f3n contin\u00faa recomendando su uso en espacios interiores.<\/strong><\/h6>\n\n\n\n<p>El Ministerio de Salud de la Naci\u00f3n declar\u00f3 este mi\u00e9rcoles la no obligatoriedad del uso del barbijo en la Argentina.<\/p>\n\n\n\n<p>La decisi\u00f3n, dada a conocer en las primeras horas del mi\u00e9rcoles a trav\u00e9s de la resoluci\u00f3n 1849\/2022 publicada en el Bolet\u00edn Oficial, tiene lugar a dos a\u00f1os y medio del comienzo del aislamiento social, preventivo y obligatorio (ASPO) declarado por el Gobierno nacional para paliar los efectos de la pandemia de COVID-19.<\/p>\n\n\n\n<p>Cada jurisdicci\u00f3n podr\u00e1 adoptar las recomendaciones pertinentes en funci\u00f3n de su situaci\u00f3n epidemiol\u00f3gica particular y la estrategia sanitaria planificada<\/p>\n\n\n\n<p>Sin embargo, la cartera a cargo de Carla Vizzotti, contin\u00faa recomendando el uso de barbijo \u201cen espacios interiores, incluyendo los \u00e1mbitos laborales, educativos, sociales y el transporte p\u00fablico\u201d.<\/p>\n\n\n\n<p>Entre las \u201cmedidas de prevenci\u00f3n general\u201d se sugiere asegurar la ventilaci\u00f3n de los ambientes; mantener la higiene adecuada y frecuente de manos; ante la presencia de s\u00edntomas evitar el contacto con otras personas, no acudir a actividades laborales, sociales, educativas, lugares p\u00fablicos y evitar el uso de transporte.<\/p>\n\n\n\n<p>Seg\u00fan la resoluci\u00f3n, \u201cel SARS-CoV-2 se ha convertido en un virus circulaci\u00f3n estacional\u201d, lo que hace que la utilizaci\u00f3n del barbijo quede s\u00f3lo reservada a la presentaci\u00f3n de \u201cescenarios particulares\u201d.<\/p>\n\n\n\n<p>El texto resalta la importancia de las coberturas de vacunaci\u00f3n que lograron disminuir de manera considerable la incidencia de enfermedad grave y la mortalidad por coronavirus.<\/p>\n\n\n\n<p>Asimismo, el texto resalta la importancia de las coberturas de vacunaci\u00f3n que \u201clograron disminuir de manera considerable la incidencia de enfermedad grave y la mortalidad por COVID-19, independientemente de la variante circulante\u201d.<\/p>\n\n\n\n<figure class=\"wp-block-embed is-type-wp-embed is-provider-sector-prensa wp-block-embed-sector-prensa\"><div class=\"wp-block-embed__wrapper\">\n<blockquote class=\"wp-embedded-content\" data-secret=\"u7pp09pLOW\"><a href=\"https:\/\/sectorprensa.com.ar\/2022\/08\/28\/provincia-la-vacuna-covid-sera-libre-para-ninos-entre-6-meses-y-3-anos\/\">PROVINCIA: LA VACUNA COVID SER\u00c1 LIBRE PARA NI\u00d1OS ENTRE 6 MESES Y 3 A\u00d1OS<\/a><\/blockquote><iframe loading=\"lazy\" class=\"wp-embedded-content\" sandbox=\"allow-scripts\" security=\"restricted\" style=\"position: absolute; clip: rect(1px, 1px, 1px, 1px);\" title=\"\u00abPROVINCIA: LA VACUNA COVID SER\u00c1 LIBRE PARA NI\u00d1OS ENTRE 6 MESES Y 3 A\u00d1OS\u00bb \u2014 Sector Prensa\" src=\"https:\/\/sectorprensa.com.ar\/2022\/08\/28\/provincia-la-vacuna-covid-sera-libre-para-ninos-entre-6-meses-y-3-anos\/embed\/#?secret=3GrlSGkHSZ#?secret=u7pp09pLOW\" data-secret=\"u7pp09pLOW\" width=\"600\" height=\"338\" frameborder=\"0\" marginwidth=\"0\" marginheight=\"0\" scrolling=\"no\"><\/iframe>\n<\/div><\/figure>\n\r\n","protected":false},"excerpt":{"rendered":"<p>De todos modos, el Ministerio de Salud de la Naci\u00f3n contin\u00faa recomendando su uso en espacios interiores. El Ministerio de<\/p>\n","protected":false},"author":1,"featured_media":48099,"comment_status":"closed","ping_status":"closed","sticky":false,"template":"","format":"standard","meta":{"colormag_page_container_layout":"default_layout","colormag_page_sidebar_layout":"default_layout","footnotes":""},"categories":[17,10],"tags":[4318,4284,4680,948],"class_list":["post-48098","post","type-post","status-publish","format-standard","has-post-thumbnail","hentry","category-destacadas","category-sociedad","tag-barbijos","tag-coronavirus","tag-covid","tag-ministerio-de-salud"],"_links":{"self":[{"href":"https:\/\/sectorprensa.com.ar\/index.php?rest_route=\/wp\/v2\/posts\/48098","targetHints":{"allow":["GET"]}}],"collection":[{"href":"https:\/\/sectorprensa.com.ar\/index.php?rest_route=\/wp\/v2\/posts"}],"about":[{"href":"https:\/\/sectorprensa.com.ar\/index.php?rest_route=\/wp\/v2\/types\/post"}],"author":[{"embeddable":true,"href":"https:\/\/sectorprensa.com.ar\/index.php?rest_route=\/wp\/v2\/users\/1"}],"replies":[{"embeddable":true,"href":"https:\/\/sectorprensa.com.ar\/index.php?rest_route=%2Fwp%2Fv2%2Fcomments&post=48098"}],"version-history":[{"count":1,"href":"https:\/\/sectorprensa.com.ar\/index.php?rest_route=\/wp\/v2\/posts\/48098\/revisions"}],"predecessor-version":[{"id":48100,"href":"https:\/\/sectorprensa.com.ar\/index.php?rest_route=\/wp\/v2\/posts\/48098\/revisions\/48100"}],"wp:featuredmedia":[{"embeddable":true,"href":"https:\/\/sectorprensa.com.ar\/index.php?rest_route=\/wp\/v2\/media\/48099"}],"wp:attachment":[{"href":"https:\/\/sectorprensa.com.ar\/index.php?rest_route=%2Fwp%2Fv2%2Fmedia&parent=48098"}],"wp:term":[{"taxonomy":"category","embeddable":true,"href":"https:\/\/sectorprensa.com.ar\/index.php?rest_route=%2Fwp%2Fv2%2Fcategories&post=48098"},{"taxonomy":"post_tag","embeddable":true,"href":"https:\/\/sectorprensa.com.ar\/index.php?rest_route=%2Fwp%2Fv2%2Ftags&post=48098"}],"curies":[{"name":"wp","href":"https:\/\/api.w.org\/{rel}","templated":true}]}}