{"id":48128,"date":"2022-09-21T09:08:00","date_gmt":"2022-09-21T09:08:00","guid":{"rendered":"https:\/\/sectorprensa.com.ar\/?p=48128"},"modified":"2022-09-21T21:13:55","modified_gmt":"2022-09-21T21:13:55","slug":"mas-de-18-000-merlenses-firmaron-para-que-el-gobierno-tome-acciones-contra-la-inflacion","status":"publish","type":"post","link":"https:\/\/sectorprensa.com.ar\/?p=48128","title":{"rendered":"M\u00e1s de 18.000 merlenses firmaron para que el Gobierno tome acciones contra la inflaci\u00f3n"},"content":{"rendered":"\n<h6 class=\"wp-block-heading\"><strong>Fue en el marco de la campana nacional que realiz\u00f3 Libres del Sur. Se juntaron casi dos millones de firmas en todo el pa\u00eds.<\/strong><\/h6>\n\n\n\n<p>El \u00faltimo domingo Libres del Sur culmin\u00f3 la iniciativa popular de juntar un mill\u00f3n de firmas para que se congele por 12 meses los precios de la Canasta B\u00e1sica de Alimentos y las tarifas de luz y gas.<\/p>\n\n\n\n<p>Esta campa\u00f1a tuvo una duraci\u00f3n de cuatro semanas y se desarroll\u00f3 en todo el pa\u00eds.&nbsp; En el d\u00eda de ayer se presentaron&nbsp; los resultados, que a nivel nacional&nbsp; alcanzo 1.849.507 de firmas.<\/p>\n\n\n\n<p>En el partido de Merlo, 18.276 vecinos y vecinas le dijeron no al aumento de precios. Con respecto a esto, Diego Nobile, referente distrital por Libres Del Sur, sostuvo \u201cConcluida la campa\u00f1a en b\u00fasqueda de la aprobaci\u00f3n de un proyecto que es para todos los Argentinos, las primeras conclusiones que podemos afirmar es que fue una campa\u00f1a exitosa, que tuvo alcance de casi 2 millones de personas, expone la situaci\u00f3n que est\u00e1 viviendo cada argentino donde d\u00eda a d\u00eda le est\u00e1 costando hasta comer\u201d.<\/p>\n\n\n\n<p>Al mismo tiempo reflexion\u00f3 \u201cFue una campa\u00f1a muy buena y positiva, ojal\u00e1 que sirva mucho y que todo argentino vea que hay un partido pol\u00edtico que busca representar sus intereses\u201d.<\/p>\n\n\n\n<figure class=\"wp-block-embed is-type-wp-embed is-provider-sector-prensa wp-block-embed-sector-prensa\"><div class=\"wp-block-embed__wrapper\">\n<blockquote class=\"wp-embedded-content\" data-secret=\"155ojfLqfr\"><a href=\"https:\/\/sectorprensa.com.ar\/2022\/09\/10\/el-gobierno-predica-un-discurso-de-inclusion-pero-llevan-adelante-un-feroz-ajuste\/\">\u00abEl gobierno predica un discurso de inclusi\u00f3n pero llevan adelante un feroz ajuste\u00bb<\/a><\/blockquote><iframe loading=\"lazy\" class=\"wp-embedded-content\" sandbox=\"allow-scripts\" security=\"restricted\" style=\"position: absolute; clip: rect(1px, 1px, 1px, 1px);\" title=\"\u00ab\u00abEl gobierno predica un discurso de inclusi\u00f3n pero llevan adelante un feroz ajuste\u00bb\u00bb \u2014 Sector Prensa\" src=\"https:\/\/sectorprensa.com.ar\/2022\/09\/10\/el-gobierno-predica-un-discurso-de-inclusion-pero-llevan-adelante-un-feroz-ajuste\/embed\/#?secret=FRlXD88g1k#?secret=155ojfLqfr\" data-secret=\"155ojfLqfr\" width=\"600\" height=\"338\" frameborder=\"0\" marginwidth=\"0\" marginheight=\"0\" scrolling=\"no\"><\/iframe>\n<\/div><\/figure>\n\r\n","protected":false},"excerpt":{"rendered":"<p>Fue en el marco de la campana nacional que realiz\u00f3 Libres del Sur. Se juntaron casi dos millones de firmas<\/p>\n","protected":false},"author":1,"featured_media":48129,"comment_status":"closed","ping_status":"closed","sticky":false,"template":"","format":"standard","meta":{"colormag_page_container_layout":"default_layout","colormag_page_sidebar_layout":"default_layout","footnotes":""},"categories":[7,8],"tags":[4131,949],"class_list":["post-48128","post","type-post","status-publish","format-standard","has-post-thumbnail","hentry","category-merlo","category-politica","tag-inflacion","tag-libres-del-sur"],"_links":{"self":[{"href":"https:\/\/sectorprensa.com.ar\/index.php?rest_route=\/wp\/v2\/posts\/48128","targetHints":{"allow":["GET"]}}],"collection":[{"href":"https:\/\/sectorprensa.com.ar\/index.php?rest_route=\/wp\/v2\/posts"}],"about":[{"href":"https:\/\/sectorprensa.com.ar\/index.php?rest_route=\/wp\/v2\/types\/post"}],"author":[{"embeddable":true,"href":"https:\/\/sectorprensa.com.ar\/index.php?rest_route=\/wp\/v2\/users\/1"}],"replies":[{"embeddable":true,"href":"https:\/\/sectorprensa.com.ar\/index.php?rest_route=%2Fwp%2Fv2%2Fcomments&post=48128"}],"version-history":[{"count":1,"href":"https:\/\/sectorprensa.com.ar\/index.php?rest_route=\/wp\/v2\/posts\/48128\/revisions"}],"predecessor-version":[{"id":48130,"href":"https:\/\/sectorprensa.com.ar\/index.php?rest_route=\/wp\/v2\/posts\/48128\/revisions\/48130"}],"wp:featuredmedia":[{"embeddable":true,"href":"https:\/\/sectorprensa.com.ar\/index.php?rest_route=\/wp\/v2\/media\/48129"}],"wp:attachment":[{"href":"https:\/\/sectorprensa.com.ar\/index.php?rest_route=%2Fwp%2Fv2%2Fmedia&parent=48128"}],"wp:term":[{"taxonomy":"category","embeddable":true,"href":"https:\/\/sectorprensa.com.ar\/index.php?rest_route=%2Fwp%2Fv2%2Fcategories&post=48128"},{"taxonomy":"post_tag","embeddable":true,"href":"https:\/\/sectorprensa.com.ar\/index.php?rest_route=%2Fwp%2Fv2%2Ftags&post=48128"}],"curies":[{"name":"wp","href":"https:\/\/api.w.org\/{rel}","templated":true}]}}