{"id":48178,"date":"2022-09-26T06:10:00","date_gmt":"2022-09-26T06:10:00","guid":{"rendered":"https:\/\/sectorprensa.com.ar\/?p=48178"},"modified":"2022-09-23T19:33:29","modified_gmt":"2022-09-23T19:33:29","slug":"moreno-aysa-trabaja-para-mejorar-el-servicio-de-agua-potable-en-el-barrio-la-perlita","status":"publish","type":"post","link":"https:\/\/sectorprensa.com.ar\/?p=48178","title":{"rendered":"Moreno: AySA trabaja para mejorar el servicio de agua potable en el barrio la Perlita"},"content":{"rendered":"\n<h6 class=\"wp-block-heading\"><strong><strong>AySA realiz\u00f3 el cambio de 5 v\u00e1lvulas como parte de un plan de trabajo que busca rehabilitar las redes de distribuci\u00f3n de agua potable en la zona para que los vecinos cuenten con un mejor servicio.<\/strong><\/strong><\/h6>\n\n\n\n<p>AySA realiz\u00f3 el cambio de 5 v\u00e1lvulas en el barrio de La Perlita en Moreno, como parte de un plan de trabajo que busca rehabilitar las redes de distribuci\u00f3n de agua potable en la zona para que los vecinos y las vecinas cuenten con un mejor servicio.<\/p>\n\n\n\n<p>En varias etapas, se realizaron una serie de tareas de relevamiento y diagn\u00f3stico para poder identificar las anomal\u00edas en las ca\u00f1er\u00edas y proyectar las intervenciones necesarias para preparar la red de servicio para poder aumentar a futuro el caudal de agua ofrecido a las usuarias y usuarios.<\/p>\n\n\n\n<p>\u201cEstamos en el barrio La Perlita. Se hizo un relevamiento en la zona, donde encontramos discontinuidad en las presiones de agua. Se decidi\u00f3 hacer una renovaci\u00f3n de v\u00e1lvulas. La idea es dejar funcionando todo con la misma capacidad de agua y a futuro, cuando tengamos nuevos pozos mejorar tambi\u00e9n la presi\u00f3n\u201d, explic\u00f3 Fernando Olier, jefe t\u00e9cnico de Moreno.<\/p>\n\n\n\n<p>En esta oportunidad, se realiz\u00f3 un importante operativo donde se renovaron dos v\u00e1lvulas esclusas de 400mm, una de 300mm y otra de 200mm, que mejorar\u00e1n la operatividad de la red de agua potable en las zonas abastecidas por el tanque La Perlita.<\/p>\n\n\n\n<p>Los trabajos fueron realizados sobre la calle Joaqu\u00edn V. Gonz\u00e1lez entre Costa Rica y La Plata por personal propio de la AySA altamente capacitado y calificado para desarrollar con eficacia este tipo de operativos de gran complejidad que requieren el uso de maquinaria especializada y precisi\u00f3n t\u00e9cnica.<\/p>\n\n\n\n<p>Adem\u00e1s, se reemplazaron otras v\u00e1lvulas m\u00e1s chicas, una sobre la misma cuadra, y otra en la intersecci\u00f3n de La Plata y Tablada. La renovaci\u00f3n de estas piezas permitir\u00e1 poder contar con una mejor circulaci\u00f3n del agua en las ca\u00f1er\u00edas y un mayor control de la red de distribuci\u00f3n a la hora de realizar futuros trabajos en la zona abastecida por la bater\u00eda de pozos de agua subterr\u00e1nea de La Perlita.<\/p>\n\n\n\n<p>Los operativos para las renovaciones de estas piezas se encuentran dentro del plan integral de mejora y mantenimiento que est\u00e1 llevando adelante AySA, y los mismos se est\u00e1n ejecutando en varias etapas programadas para minimizar la afectaci\u00f3n a los usuarios y usuarias de la zona mientras se llevaron adelante las tareas.<\/p>\n\n\n\n<figure class=\"wp-block-embed is-type-wp-embed is-provider-sector-prensa wp-block-embed-sector-prensa\"><div class=\"wp-block-embed__wrapper\">\n<blockquote class=\"wp-embedded-content\" data-secret=\"5XBVBFjbTs\"><a href=\"https:\/\/sectorprensa.com.ar\/2022\/09\/22\/moreno-se-inauguro-un-nuevo-stand-de-turismo\/\">Moreno: se inaugur\u00f3 un nuevo stand de turismo<\/a><\/blockquote><iframe loading=\"lazy\" class=\"wp-embedded-content\" sandbox=\"allow-scripts\" security=\"restricted\" style=\"position: absolute; clip: rect(1px, 1px, 1px, 1px);\" title=\"\u00abMoreno: se inaugur\u00f3 un nuevo stand de turismo\u00bb \u2014 Sector Prensa\" src=\"https:\/\/sectorprensa.com.ar\/2022\/09\/22\/moreno-se-inauguro-un-nuevo-stand-de-turismo\/embed\/#?secret=pfzriK9vx8#?secret=5XBVBFjbTs\" data-secret=\"5XBVBFjbTs\" width=\"600\" height=\"338\" frameborder=\"0\" marginwidth=\"0\" marginheight=\"0\" scrolling=\"no\"><\/iframe>\n<\/div><\/figure>\n\r\n","protected":false},"excerpt":{"rendered":"<p>AySA realiz\u00f3 el cambio de 5 v\u00e1lvulas como parte de un plan de trabajo que busca rehabilitar las redes de<\/p>\n","protected":false},"author":1,"featured_media":48179,"comment_status":"closed","ping_status":"closed","sticky":false,"template":"","format":"standard","meta":{"colormag_page_container_layout":"default_layout","colormag_page_sidebar_layout":"default_layout","footnotes":""},"categories":[17,2154,10],"tags":[902,437],"class_list":["post-48178","post","type-post","status-publish","format-standard","has-post-thumbnail","hentry","category-destacadas","category-moreno","category-sociedad","tag-aysa","tag-moreno"],"_links":{"self":[{"href":"https:\/\/sectorprensa.com.ar\/index.php?rest_route=\/wp\/v2\/posts\/48178","targetHints":{"allow":["GET"]}}],"collection":[{"href":"https:\/\/sectorprensa.com.ar\/index.php?rest_route=\/wp\/v2\/posts"}],"about":[{"href":"https:\/\/sectorprensa.com.ar\/index.php?rest_route=\/wp\/v2\/types\/post"}],"author":[{"embeddable":true,"href":"https:\/\/sectorprensa.com.ar\/index.php?rest_route=\/wp\/v2\/users\/1"}],"replies":[{"embeddable":true,"href":"https:\/\/sectorprensa.com.ar\/index.php?rest_route=%2Fwp%2Fv2%2Fcomments&post=48178"}],"version-history":[{"count":1,"href":"https:\/\/sectorprensa.com.ar\/index.php?rest_route=\/wp\/v2\/posts\/48178\/revisions"}],"predecessor-version":[{"id":48180,"href":"https:\/\/sectorprensa.com.ar\/index.php?rest_route=\/wp\/v2\/posts\/48178\/revisions\/48180"}],"wp:featuredmedia":[{"embeddable":true,"href":"https:\/\/sectorprensa.com.ar\/index.php?rest_route=\/wp\/v2\/media\/48179"}],"wp:attachment":[{"href":"https:\/\/sectorprensa.com.ar\/index.php?rest_route=%2Fwp%2Fv2%2Fmedia&parent=48178"}],"wp:term":[{"taxonomy":"category","embeddable":true,"href":"https:\/\/sectorprensa.com.ar\/index.php?rest_route=%2Fwp%2Fv2%2Fcategories&post=48178"},{"taxonomy":"post_tag","embeddable":true,"href":"https:\/\/sectorprensa.com.ar\/index.php?rest_route=%2Fwp%2Fv2%2Ftags&post=48178"}],"curies":[{"name":"wp","href":"https:\/\/api.w.org\/{rel}","templated":true}]}}