{"id":48197,"date":"2022-09-24T15:51:00","date_gmt":"2022-09-24T15:51:00","guid":{"rendered":"https:\/\/sectorprensa.com.ar\/?p=48197"},"modified":"2022-09-24T18:52:06","modified_gmt":"2022-09-24T18:52:06","slug":"perros-vagabundos-lanzo-un-corte-difusion-de-su-nuevo-disco","status":"publish","type":"post","link":"https:\/\/sectorprensa.com.ar\/?p=48197","title":{"rendered":"Perros Vagabundos lanz\u00f3 un corte difusi\u00f3n de su nuevo disco"},"content":{"rendered":"\n<h6 class=\"wp-block-heading\"><strong>La banda present\u00f3 una de las canciones de su nuevo \u00e1lbum, \u00abEscuchame\u00bb. Sector Prensa di\u00e1logo con Franco Lozano, quien se refiri\u00f3 al CD y adelant\u00f3 la fecha del nuevo recital.<\/strong><\/h6>\n\n\n\n<p>Perros Vagabundos lanz\u00f3 \u00abEscuchame\u00bb, primer sencillo del nuevo disco de la banda que se llamar\u00e1 \u00abNo Creo en la Ciudad\u00bb. Dialogamos con el cantante, Franco Lozano, quien nos cont\u00f3 la fecha en que saldr\u00e1 el nuevo trabajo y anticip\u00f3 cu\u00e1ndo brindar\u00e1n el pr\u00f3ximo recital.<\/p>\n\n\n\n<p>Lozano, adelant\u00f3 cu\u00e1ndo ser\u00e1 el momento del lanzamiento y presentaci\u00f3n del CD: \u00abEl nuevo disco se va a lanzar y presentar en diciembre de este a\u00f1o\u00bb.<\/p>\n\n\n\n<p>Con respecto a \u00abEscuchame\u00bb, primer corte difusi\u00f3n, explic\u00f3: \u00abLa canci\u00f3n fue compuesta por Joan Linera (guitarrista). Es una canci\u00f3n que habla un poco de amor, sobre la personalidad de un pibe de barrio. Siempre, las letras van reflejadas en nosotros y en lo que vemos. Joan hizo una hermosa canci\u00f3n de amor\u00bb.<\/p>\n\n\n\n<p>\u00abSi bien con la banda somos muy diversos a la hora de componer canciones, ya sea en los estilos, se viene un disco muy rockero. Tiene canciones de reggae, ska y funk, pero tiene un colorcito muy rockero. Ya se dar\u00e1n cuentan escuchando la canci\u00f3n\u00bb, asegur\u00f3.<\/p>\n\n\n\n<p>Por \u00faltimo, anticip\u00f3 la fecha de un nuevo recital: \u00abEl domingo 9 de octubre vamos a estar tocando en Guevara, en Laferrere\u00bb.<\/p>\n\n\n\n<figure class=\"wp-block-embed is-type-wp-embed is-provider-sector-prensa wp-block-embed-sector-prensa\"><div class=\"wp-block-embed__wrapper\">\n<blockquote class=\"wp-embedded-content\" data-secret=\"WfENMdBSal\"><a href=\"https:\/\/sectorprensa.com.ar\/2021\/08\/01\/vivimos-en-un-barrio-donde-muchas-veces-la-gente-no-tiene-para-comer\/\">&#8220;VIVIMOS EN UN BARRIO DONDE MUCHAS VECES LA GENTE NO TIENE PARA COMER&#8221;<\/a><\/blockquote><iframe loading=\"lazy\" class=\"wp-embedded-content\" sandbox=\"allow-scripts\" security=\"restricted\" style=\"position: absolute; clip: rect(1px, 1px, 1px, 1px);\" title=\"\u00ab&#8220;VIVIMOS EN UN BARRIO DONDE MUCHAS VECES LA GENTE NO TIENE PARA COMER&#8221;\u00bb \u2014 Sector Prensa\" src=\"https:\/\/sectorprensa.com.ar\/2021\/08\/01\/vivimos-en-un-barrio-donde-muchas-veces-la-gente-no-tiene-para-comer\/embed\/#?secret=T4CphrnGsn#?secret=WfENMdBSal\" data-secret=\"WfENMdBSal\" width=\"600\" height=\"338\" frameborder=\"0\" marginwidth=\"0\" marginheight=\"0\" scrolling=\"no\"><\/iframe>\n<\/div><\/figure>\n\r\n","protected":false},"excerpt":{"rendered":"<p>La banda present\u00f3 una de las canciones de su nuevo \u00e1lbum, \u00abEscuchame\u00bb. Sector Prensa di\u00e1logo con Franco Lozano, quien se<\/p>\n","protected":false},"author":1,"featured_media":48198,"comment_status":"closed","ping_status":"closed","sticky":false,"template":"","format":"standard","meta":{"colormag_page_container_layout":"default_layout","colormag_page_sidebar_layout":"default_layout","footnotes":""},"categories":[9,17,4395],"tags":[6962,5289,6963,4295],"class_list":["post-48197","post","type-post","status-publish","format-standard","has-post-thumbnail","hentry","category-cultura","category-destacadas","category-sp-rock","tag-escuchame","tag-franco-lozano","tag-no-creo-en-la-ciudad","tag-perros-vagabundos"],"_links":{"self":[{"href":"https:\/\/sectorprensa.com.ar\/index.php?rest_route=\/wp\/v2\/posts\/48197","targetHints":{"allow":["GET"]}}],"collection":[{"href":"https:\/\/sectorprensa.com.ar\/index.php?rest_route=\/wp\/v2\/posts"}],"about":[{"href":"https:\/\/sectorprensa.com.ar\/index.php?rest_route=\/wp\/v2\/types\/post"}],"author":[{"embeddable":true,"href":"https:\/\/sectorprensa.com.ar\/index.php?rest_route=\/wp\/v2\/users\/1"}],"replies":[{"embeddable":true,"href":"https:\/\/sectorprensa.com.ar\/index.php?rest_route=%2Fwp%2Fv2%2Fcomments&post=48197"}],"version-history":[{"count":1,"href":"https:\/\/sectorprensa.com.ar\/index.php?rest_route=\/wp\/v2\/posts\/48197\/revisions"}],"predecessor-version":[{"id":48199,"href":"https:\/\/sectorprensa.com.ar\/index.php?rest_route=\/wp\/v2\/posts\/48197\/revisions\/48199"}],"wp:featuredmedia":[{"embeddable":true,"href":"https:\/\/sectorprensa.com.ar\/index.php?rest_route=\/wp\/v2\/media\/48198"}],"wp:attachment":[{"href":"https:\/\/sectorprensa.com.ar\/index.php?rest_route=%2Fwp%2Fv2%2Fmedia&parent=48197"}],"wp:term":[{"taxonomy":"category","embeddable":true,"href":"https:\/\/sectorprensa.com.ar\/index.php?rest_route=%2Fwp%2Fv2%2Fcategories&post=48197"},{"taxonomy":"post_tag","embeddable":true,"href":"https:\/\/sectorprensa.com.ar\/index.php?rest_route=%2Fwp%2Fv2%2Ftags&post=48197"}],"curies":[{"name":"wp","href":"https:\/\/api.w.org\/{rel}","templated":true}]}}