{"id":48232,"date":"2022-09-25T22:14:00","date_gmt":"2022-09-25T22:14:00","guid":{"rendered":"https:\/\/sectorprensa.com.ar\/?p=48232"},"modified":"2022-09-26T01:15:02","modified_gmt":"2022-09-26T01:15:02","slug":"centro-espanol-volvio-a-caer-al-fondo-de-la-tabla","status":"publish","type":"post","link":"https:\/\/sectorprensa.com.ar\/?p=48232","title":{"rendered":"Centro Espa\u00f1ol volvi\u00f3 a caer al fondo de la tabla"},"content":{"rendered":"\n<h6 class=\"wp-block-heading\"><strong>El Gallego, que contin\u00faa sin conocer la victoria en el torneo, cay\u00f3 como local ante Cambaceres por 1 a 0 y se ubica \u00faltimo.<\/strong><\/h6>\n\n\n\n<p>Centro Espa\u00f1ol sigue sin levantar cabeza en el campeonato. En el Carlos Alberto Sacaan, cay\u00f3 ante Cambaceres por 1 a 0 en el encuentro correspondiente a la fecha 10 del Torneo Clausura de la Primera D.<\/p>\n\n\n\n<p>El Rojo se llev\u00f3 la victoria con el gol de Tom\u00e1s Squie, cuando se jugaban 14 minutos del segundo tiempo. El Gallego se qued\u00f3 con diez por la expulsi\u00f3n de Emanuel Casta\u00f1eda, quien recibi\u00f3 dos amarillas.<\/p>\n\n\n\n<p>El equipo de Diego Herrero volvi\u00f3 a caer al \u00faltimo lugar de la tabla, acumula tan s\u00f3lo 4 unidades (4 empates y 5 derrotas). El martes 4 de octubre, cerrar\u00e1 su participaci\u00f3n en el torneo visitando a Sportivo Barracas, en Mor\u00f3n.<\/p>\n\n\n\n<p><strong>FOTO: Revista Tribuna Roja<\/strong><\/p>\n\r\n","protected":false},"excerpt":{"rendered":"<p>El Gallego, que contin\u00faa sin conocer la victoria en el torneo, cay\u00f3 como local ante Cambaceres por 1 a 0<\/p>\n","protected":false},"author":1,"featured_media":48233,"comment_status":"closed","ping_status":"closed","sticky":false,"template":"","format":"standard","meta":{"colormag_page_container_layout":"default_layout","colormag_page_sidebar_layout":"default_layout","footnotes":""},"categories":[11],"tags":[744,175],"class_list":["post-48232","post","type-post","status-publish","format-standard","has-post-thumbnail","hentry","category-deportes","tag-centro-espanol","tag-primera-d"],"_links":{"self":[{"href":"https:\/\/sectorprensa.com.ar\/index.php?rest_route=\/wp\/v2\/posts\/48232","targetHints":{"allow":["GET"]}}],"collection":[{"href":"https:\/\/sectorprensa.com.ar\/index.php?rest_route=\/wp\/v2\/posts"}],"about":[{"href":"https:\/\/sectorprensa.com.ar\/index.php?rest_route=\/wp\/v2\/types\/post"}],"author":[{"embeddable":true,"href":"https:\/\/sectorprensa.com.ar\/index.php?rest_route=\/wp\/v2\/users\/1"}],"replies":[{"embeddable":true,"href":"https:\/\/sectorprensa.com.ar\/index.php?rest_route=%2Fwp%2Fv2%2Fcomments&post=48232"}],"version-history":[{"count":1,"href":"https:\/\/sectorprensa.com.ar\/index.php?rest_route=\/wp\/v2\/posts\/48232\/revisions"}],"predecessor-version":[{"id":48234,"href":"https:\/\/sectorprensa.com.ar\/index.php?rest_route=\/wp\/v2\/posts\/48232\/revisions\/48234"}],"wp:featuredmedia":[{"embeddable":true,"href":"https:\/\/sectorprensa.com.ar\/index.php?rest_route=\/wp\/v2\/media\/48233"}],"wp:attachment":[{"href":"https:\/\/sectorprensa.com.ar\/index.php?rest_route=%2Fwp%2Fv2%2Fmedia&parent=48232"}],"wp:term":[{"taxonomy":"category","embeddable":true,"href":"https:\/\/sectorprensa.com.ar\/index.php?rest_route=%2Fwp%2Fv2%2Fcategories&post=48232"},{"taxonomy":"post_tag","embeddable":true,"href":"https:\/\/sectorprensa.com.ar\/index.php?rest_route=%2Fwp%2Fv2%2Ftags&post=48232"}],"curies":[{"name":"wp","href":"https:\/\/api.w.org\/{rel}","templated":true}]}}