{"id":48235,"date":"2022-09-25T22:31:00","date_gmt":"2022-09-25T22:31:00","guid":{"rendered":"https:\/\/sectorprensa.com.ar\/?p=48235"},"modified":"2022-09-26T14:42:20","modified_gmt":"2022-09-26T14:42:20","slug":"argentino-de-merlo-goleo-y-mira-a-todos-desde-arriba","status":"publish","type":"post","link":"https:\/\/sectorprensa.com.ar\/?p=48235","title":{"rendered":"Argentino de Merlo gole\u00f3 y mira a todos desde arriba"},"content":{"rendered":"\n<h6 class=\"wp-block-heading\"><strong>La Academia aprovech\u00f3 la ca\u00edda de Deportivo Espa\u00f1ol e hizo lo suyo al derrotar a Victoriano Arenas por 4-1 en Merlo Norte.<\/strong><\/h6>\n\n\n\n<p>Argentino de Merlo se ilusiona con el campeonato. En Merlo Norte, se impuso ante Victoriano Arenas por 4 a 1 en el marco de la 16\u00aa jornada del Torneo Clausura de la Primera C, y es el \u00fanico puntero del torneo.<\/p>\n\n\n\n<p>En la primera parte la Academia fue contundente. Al minuto de juego, Jonathan Maciel abri\u00f3 el marcador para el local. Luego Miller Moreno convirti\u00f3 dos goles, uno a los 24\u00b4 y otro cuando se disputaban 45\u00b4.<\/p>\n\n\n\n<p>En el complemento, los dirigidos por Lucas Nohra sellaron su triunfo. Si bien Victoriano achic\u00f3 diferencias a los 31\u00b4 con el tanto en contra de Diego Ursino, Alan Cristeff liquid\u00f3 el partido en 48\u00b4.<\/p>\n\n\n\n<p>Argentino supo aprovechar la derrota de Deportivo Espa\u00f1ol ante Alem y se subi\u00f3 a lo m\u00e1s alto, es l\u00edder con 33 unidades, lleva 1 de ventaja sobre el Gallego. En la pr\u00f3xima fecha, visitar\u00e1 a Luj\u00e1n.<\/p>\n\n\n\n<p><strong>FOTO: Pasi\u00f3n en Ascenso<\/strong><\/p>\n\r\n","protected":false},"excerpt":{"rendered":"<p>La Academia aprovech\u00f3 la ca\u00edda de Deportivo Espa\u00f1ol e hizo lo suyo al derrotar a Victoriano Arenas por 4-1 en<\/p>\n","protected":false},"author":1,"featured_media":48240,"comment_status":"closed","ping_status":"closed","sticky":false,"template":"","format":"standard","meta":{"colormag_page_container_layout":"default_layout","colormag_page_sidebar_layout":"default_layout","footnotes":""},"categories":[11],"tags":[176,91],"class_list":["post-48235","post","type-post","status-publish","format-standard","has-post-thumbnail","hentry","category-deportes","tag-argentino-de-merlo","tag-primera-c"],"_links":{"self":[{"href":"https:\/\/sectorprensa.com.ar\/index.php?rest_route=\/wp\/v2\/posts\/48235","targetHints":{"allow":["GET"]}}],"collection":[{"href":"https:\/\/sectorprensa.com.ar\/index.php?rest_route=\/wp\/v2\/posts"}],"about":[{"href":"https:\/\/sectorprensa.com.ar\/index.php?rest_route=\/wp\/v2\/types\/post"}],"author":[{"embeddable":true,"href":"https:\/\/sectorprensa.com.ar\/index.php?rest_route=\/wp\/v2\/users\/1"}],"replies":[{"embeddable":true,"href":"https:\/\/sectorprensa.com.ar\/index.php?rest_route=%2Fwp%2Fv2%2Fcomments&post=48235"}],"version-history":[{"count":1,"href":"https:\/\/sectorprensa.com.ar\/index.php?rest_route=\/wp\/v2\/posts\/48235\/revisions"}],"predecessor-version":[{"id":48237,"href":"https:\/\/sectorprensa.com.ar\/index.php?rest_route=\/wp\/v2\/posts\/48235\/revisions\/48237"}],"wp:featuredmedia":[{"embeddable":true,"href":"https:\/\/sectorprensa.com.ar\/index.php?rest_route=\/wp\/v2\/media\/48240"}],"wp:attachment":[{"href":"https:\/\/sectorprensa.com.ar\/index.php?rest_route=%2Fwp%2Fv2%2Fmedia&parent=48235"}],"wp:term":[{"taxonomy":"category","embeddable":true,"href":"https:\/\/sectorprensa.com.ar\/index.php?rest_route=%2Fwp%2Fv2%2Fcategories&post=48235"},{"taxonomy":"post_tag","embeddable":true,"href":"https:\/\/sectorprensa.com.ar\/index.php?rest_route=%2Fwp%2Fv2%2Ftags&post=48235"}],"curies":[{"name":"wp","href":"https:\/\/api.w.org\/{rel}","templated":true}]}}