{"id":48284,"date":"2022-09-27T13:50:00","date_gmt":"2022-09-27T13:50:00","guid":{"rendered":"https:\/\/sectorprensa.com.ar\/?p=48284"},"modified":"2022-09-27T16:50:29","modified_gmt":"2022-09-27T16:50:29","slug":"merlo-curso-de-capacitacion-en-contenido-para-redes-sociales","status":"publish","type":"post","link":"https:\/\/sectorprensa.com.ar\/?p=48284","title":{"rendered":"Merlo: curso de capacitaci\u00f3n en contenido para redes sociales"},"content":{"rendered":"\n<h6 class=\"wp-block-heading\"><strong>El curso se llev\u00f3 a cabo en la Universidad Nacional del Oeste, organizado por la Subsecretar\u00eda de Ciencia, Innovaci\u00f3n Tecnol\u00f3gica y Cooperaci\u00f3n Internacional.<\/strong><\/h6>\n\n\n\n<p>La capacitaci\u00f3n tuvo como objetivo principal que los emprendedores puedan crear su contenido para las redes sociales de sus negocios, mediante la utilizaci\u00f3n de aplicaciones gratuitas. La sede fue la UNO de la calle Jujuy 55, con modalidad presencial, los s\u00e1bados 17 y 24 de septiembre, de 10hs a 12hs.<\/p>\n\n\n\n<p>Este curso form\u00f3 parte del Programa de Formaci\u00f3n en Nuevas Tecnolog\u00edas que el \u00e1rea municipal pone a disposici\u00f3n de los vecinos y vecinas para acortar la brecha digital y promover, de esta forma, la educaci\u00f3n tecnol\u00f3gica.<\/p>\n\n\n\n<p>Los contenidos de las clases fueron:<\/p>\n\n\n\n<p>&#8211; Dise\u00f1o para Redes Sociales: Flyer \/ Post<\/p>\n\n\n\n<p><br>&#8211; \u00bfC\u00f3mo presentarme?<\/p>\n\n\n\n<p><br>&#8211; \u00bfQu\u00e9 y c\u00f3mo mostrarse en las redes?<\/p>\n\n\n\n<p><br>&#8211; \u00bfC\u00f3mo atraer p\u00fablico?<\/p>\n\n\n\n<p><br>&#8211; Trabajar sobre las tendencias vigentes: Reels \/ Historias<\/p>\n\n\n\n<p><br>&#8211; Uso de aplicaciones gratuitas para editar y generar contenido: InShot \/ CapCut, etc.<\/p>\n\n\n\n<figure class=\"wp-block-embed is-type-wp-embed is-provider-sector-prensa wp-block-embed-sector-prensa\"><div class=\"wp-block-embed__wrapper\">\n<blockquote class=\"wp-embedded-content\" data-secret=\"49Ffi31WEh\"><a href=\"https:\/\/sectorprensa.com.ar\/2022\/09\/26\/merlo-tercera-marcha-de-los-bombos\/\">Merlo: tercera Marcha de los Bombos<\/a><\/blockquote><iframe loading=\"lazy\" class=\"wp-embedded-content\" sandbox=\"allow-scripts\" security=\"restricted\" style=\"position: absolute; clip: rect(1px, 1px, 1px, 1px);\" title=\"\u00abMerlo: tercera Marcha de los Bombos\u00bb \u2014 Sector Prensa\" src=\"https:\/\/sectorprensa.com.ar\/2022\/09\/26\/merlo-tercera-marcha-de-los-bombos\/embed\/#?secret=bjRxg8yrQo#?secret=49Ffi31WEh\" data-secret=\"49Ffi31WEh\" width=\"600\" height=\"338\" frameborder=\"0\" marginwidth=\"0\" marginheight=\"0\" scrolling=\"no\"><\/iframe>\n<\/div><\/figure>\n\r\n","protected":false},"excerpt":{"rendered":"<p>El curso se llev\u00f3 a cabo en la Universidad Nacional del Oeste, organizado por la Subsecretar\u00eda de Ciencia, Innovaci\u00f3n Tecnol\u00f3gica<\/p>\n","protected":false},"author":1,"featured_media":48285,"comment_status":"closed","ping_status":"closed","sticky":false,"template":"","format":"standard","meta":{"colormag_page_container_layout":"default_layout","colormag_page_sidebar_layout":"default_layout","footnotes":""},"categories":[17,7,1173],"tags":[25,2063,1662],"class_list":["post-48284","post","type-post","status-publish","format-standard","has-post-thumbnail","hentry","category-destacadas","category-merlo","category-municipales","tag-merlo","tag-redes-sociales","tag-universidad-nacional-del-oeste"],"_links":{"self":[{"href":"https:\/\/sectorprensa.com.ar\/index.php?rest_route=\/wp\/v2\/posts\/48284","targetHints":{"allow":["GET"]}}],"collection":[{"href":"https:\/\/sectorprensa.com.ar\/index.php?rest_route=\/wp\/v2\/posts"}],"about":[{"href":"https:\/\/sectorprensa.com.ar\/index.php?rest_route=\/wp\/v2\/types\/post"}],"author":[{"embeddable":true,"href":"https:\/\/sectorprensa.com.ar\/index.php?rest_route=\/wp\/v2\/users\/1"}],"replies":[{"embeddable":true,"href":"https:\/\/sectorprensa.com.ar\/index.php?rest_route=%2Fwp%2Fv2%2Fcomments&post=48284"}],"version-history":[{"count":1,"href":"https:\/\/sectorprensa.com.ar\/index.php?rest_route=\/wp\/v2\/posts\/48284\/revisions"}],"predecessor-version":[{"id":48286,"href":"https:\/\/sectorprensa.com.ar\/index.php?rest_route=\/wp\/v2\/posts\/48284\/revisions\/48286"}],"wp:featuredmedia":[{"embeddable":true,"href":"https:\/\/sectorprensa.com.ar\/index.php?rest_route=\/wp\/v2\/media\/48285"}],"wp:attachment":[{"href":"https:\/\/sectorprensa.com.ar\/index.php?rest_route=%2Fwp%2Fv2%2Fmedia&parent=48284"}],"wp:term":[{"taxonomy":"category","embeddable":true,"href":"https:\/\/sectorprensa.com.ar\/index.php?rest_route=%2Fwp%2Fv2%2Fcategories&post=48284"},{"taxonomy":"post_tag","embeddable":true,"href":"https:\/\/sectorprensa.com.ar\/index.php?rest_route=%2Fwp%2Fv2%2Ftags&post=48284"}],"curies":[{"name":"wp","href":"https:\/\/api.w.org\/{rel}","templated":true}]}}