{"id":48287,"date":"2022-09-27T14:59:00","date_gmt":"2022-09-27T14:59:00","guid":{"rendered":"https:\/\/sectorprensa.com.ar\/?p=48287"},"modified":"2022-09-27T18:00:07","modified_gmt":"2022-09-27T18:00:07","slug":"bullrich-es-una-agente-de-las-multinacionales","status":"publish","type":"post","link":"https:\/\/sectorprensa.com.ar\/?p=48287","title":{"rendered":"\u00abBullrich es una agente de las multinacionales\u00bb"},"content":{"rendered":"\n<h6 class=\"wp-block-heading\"><strong>N\u00e9stor Pitrola, referente del Partido Obrero, apunt\u00f3 contra la Presidenta del PRO luego de sus dichos contra los trabajadores del sector neum\u00e1ticos.<\/strong><\/h6>\n\n\n\n<p>Luego de la reuni\u00f3n entre los trabajadores del neum\u00e1tico y las empresas, la cual no lleg\u00f3 a un buen puerto, contin\u00faa el conflicto. En medio del mismo, se escucharon diferentes opiniones de los distintos sectores de la pol\u00edtica. Uno de ellos fue N\u00e9stor Pitrola, referente del Partido Obrero, quien habl\u00f3 en una entrevista radial. El dos veces Diputado del Frente de Izquierda por la provincia de Buenos Aires, critic\u00f3 a Patricia Bullrich por sus dichos y pidi\u00f3 que las compa\u00f1\u00edas se sienten a negociar.<\/p>\n\n\n\n<p>\u00abEs un momento culminante, de una lucha obrera que no ten\u00edamos de esta magnitud, con esta centralidad e importancia. Y es un colectivo obrero que est\u00e1 luchando por el poder adquisitivo real del salario. Yo creo que el Presidente dijo muchas veces que van a dar aumentos, que la pol\u00edtica y gobierno son aumentos por arriba de la inflaci\u00f3n. Eso no se ha corroborado en la realidad de las paritarias. Esta lucha de los trabajadores del neum\u00e1tico, con su sindicato a la cabeza, con un m\u00e9todo importante de democracia sindical interna, es por quedar unos puntos por encima de la inflaci\u00f3n para buscar una recuperaci\u00f3n hist\u00f3rica en un momento de alt\u00edsima rentabilidad de las empresas\u00bb, se\u00f1al\u00f3 en Radio B\u00fanker 94.9, en el \u00abTanke de B\u00fanker\u00bb (lunes a viernes, de 10 a 13hs).<\/p>\n\n\n\n<p>\u00abLas empresas ganan much\u00edsimo, porque cobran los neum\u00e1ticos en d\u00f3lares, y ahora ya a cualquier precio por la escasez. Y los compa\u00f1eros de una cubierta que vale 60 mil pesos, han denunciado que el costo laboral son mil pesos. Ac\u00e1 hay una intransigencia patronal que tiene que ver con una rentabilidad abusiva por parte de las empresas, y los trabajadores dan una lucha que va a ser su buen puerto, sin pensar en vencedores y vencidos\u00bb, agreg\u00f3.<\/p>\n\n\n\n<p>Consultado por si la lucha del sector es emblem\u00e1tica, remarc\u00f3: \u00abYo creo que si. Nunca un gremio cambia la realidad del movimiento obrero, pero yo creo que si, y hay una crisis de todo el sindicalismo que apoyo tres a\u00f1os a este gobierno sin hacerle un paro nacional. Es muy claro que los trabajadores han perdido, hay m\u00e1s trabajo informal que antes, m\u00e1s precarizaci\u00f3n laboral, porque siempre vamos atr\u00e1s de la inflaci\u00f3n\u00bb.<\/p>\n\n\n\n<p>Con respecto a la reuni\u00f3n del sector con el Ministerio de Trabajo, afirm\u00f3 que acompa\u00f1ar\u00e1 en las afueras: \u00abLos compa\u00f1eros acompa\u00f1an normalmente cada negociaci\u00f3n con movilizaciones, a veces puede haber reuniones que no tengan. En principio es l\u00f3gico, vienen trabajadores de toda la planta, la tensi\u00f3n es muy grande y los compa\u00f1eros est\u00e1n empe\u00f1ados en negociar y resolver el conflicto\u00bb.<\/p>\n\n\n\n<p>Los dichos de Patricia Bullrich, Presidenta del PRO, con respecto al conflicto: \u00abSon expresiones facistas. Quieren que se intervenga el sindicato, dicen que los trabajadores que luchan ponen en fuga a las empresas del pa\u00eds, y est\u00e1n llenos de plata. Tienen una rentabilidad enorme, es una ridiculez lo que dice Bullrich. Y tenemos a Espert, un amigo de Bullrich, que dijo que se debe poner c\u00e1rcel y bala a los sindicalistas. Que el pueblo argentino saque conclusi\u00f3n de lo que es esta gente\u00bb, manifest\u00f3. Luego, asegur\u00f3 que \u00abpol\u00edticamente, Bullrich es una agente de las multinacionales\u00bb.<\/p>\n\n\n\n<p>\u00abPiden algunos puntos m\u00e1s sobre la inflaci\u00f3n de 2021 y 2022, iniciar una paritaria aceptable del 2022\/23. Desde este lugar, y todo medio que me entreviste, yo pido que las empresas tambi\u00e9n tengan una posici\u00f3n negociadora ante el reclamo. Hace meses que no negocian, se presentan a no negociar. Si hay voluntad de las empresas, en las pr\u00f3ximas horas puede haber acuerdo. Y que el gobierno empuje para ese lado, porque parece estar mirando otro canal\u00bb, concluy\u00f3.<\/p>\n\n\n\n<figure class=\"wp-block-embed is-type-wp-embed is-provider-sector-prensa wp-block-embed-sector-prensa\"><div class=\"wp-block-embed__wrapper\">\n<blockquote class=\"wp-embedded-content\" data-secret=\"VJ82x89HRu\"><a href=\"https:\/\/sectorprensa.com.ar\/2022\/09\/23\/la-dura-realidad-de-los-centros-de-dia-el-dilema-es-seguir-o-cerrar\/\">La dura realidad de los Centros de D\u00eda: &#8220;El dilema es seguir o cerrar&#8221;<\/a><\/blockquote><iframe loading=\"lazy\" class=\"wp-embedded-content\" sandbox=\"allow-scripts\" security=\"restricted\" style=\"position: absolute; clip: rect(1px, 1px, 1px, 1px);\" title=\"\u00abLa dura realidad de los Centros de D\u00eda: &#8220;El dilema es seguir o cerrar&#8221;\u00bb \u2014 Sector Prensa\" src=\"https:\/\/sectorprensa.com.ar\/2022\/09\/23\/la-dura-realidad-de-los-centros-de-dia-el-dilema-es-seguir-o-cerrar\/embed\/#?secret=0I2m5OlF7k#?secret=VJ82x89HRu\" data-secret=\"VJ82x89HRu\" width=\"600\" height=\"338\" frameborder=\"0\" marginwidth=\"0\" marginheight=\"0\" scrolling=\"no\"><\/iframe>\n<\/div><\/figure>\n\r\n","protected":false},"excerpt":{"rendered":"<p>N\u00e9stor Pitrola, referente del Partido Obrero, apunt\u00f3 contra la Presidenta del PRO luego de sus dichos contra los trabajadores del<\/p>\n","protected":false},"author":1,"featured_media":48288,"comment_status":"closed","ping_status":"closed","sticky":false,"template":"","format":"standard","meta":{"colormag_page_container_layout":"default_layout","colormag_page_sidebar_layout":"default_layout","footnotes":""},"categories":[17,8],"tags":[6971,6972],"class_list":["post-48287","post","type-post","status-publish","format-standard","has-post-thumbnail","hentry","category-destacadas","category-politica","tag-nestor-pitrola-2","tag-neumaticos"],"_links":{"self":[{"href":"https:\/\/sectorprensa.com.ar\/index.php?rest_route=\/wp\/v2\/posts\/48287","targetHints":{"allow":["GET"]}}],"collection":[{"href":"https:\/\/sectorprensa.com.ar\/index.php?rest_route=\/wp\/v2\/posts"}],"about":[{"href":"https:\/\/sectorprensa.com.ar\/index.php?rest_route=\/wp\/v2\/types\/post"}],"author":[{"embeddable":true,"href":"https:\/\/sectorprensa.com.ar\/index.php?rest_route=\/wp\/v2\/users\/1"}],"replies":[{"embeddable":true,"href":"https:\/\/sectorprensa.com.ar\/index.php?rest_route=%2Fwp%2Fv2%2Fcomments&post=48287"}],"version-history":[{"count":1,"href":"https:\/\/sectorprensa.com.ar\/index.php?rest_route=\/wp\/v2\/posts\/48287\/revisions"}],"predecessor-version":[{"id":48293,"href":"https:\/\/sectorprensa.com.ar\/index.php?rest_route=\/wp\/v2\/posts\/48287\/revisions\/48293"}],"wp:featuredmedia":[{"embeddable":true,"href":"https:\/\/sectorprensa.com.ar\/index.php?rest_route=\/wp\/v2\/media\/48288"}],"wp:attachment":[{"href":"https:\/\/sectorprensa.com.ar\/index.php?rest_route=%2Fwp%2Fv2%2Fmedia&parent=48287"}],"wp:term":[{"taxonomy":"category","embeddable":true,"href":"https:\/\/sectorprensa.com.ar\/index.php?rest_route=%2Fwp%2Fv2%2Fcategories&post=48287"},{"taxonomy":"post_tag","embeddable":true,"href":"https:\/\/sectorprensa.com.ar\/index.php?rest_route=%2Fwp%2Fv2%2Ftags&post=48287"}],"curies":[{"name":"wp","href":"https:\/\/api.w.org\/{rel}","templated":true}]}}