{"id":48597,"date":"2022-10-10T06:00:00","date_gmt":"2022-10-10T06:00:00","guid":{"rendered":"https:\/\/sectorprensa.com.ar\/?p=48597"},"modified":"2022-10-09T01:38:41","modified_gmt":"2022-10-09T01:38:41","slug":"dos-detenidos-por-el-intento-de-robo-a-un-policia-en-san-antonio-de-padua","status":"publish","type":"post","link":"https:\/\/sectorprensa.com.ar\/?p=48597","title":{"rendered":"Dos detenidos por el intento de robo a un polic\u00eda en San Antonio de Padua"},"content":{"rendered":"\n<h6 class=\"wp-block-heading\"><strong>Las detenciones fueron realizadas en una casa de la calle Sucre al 1900 de la localidad de Libertad. Los sujetos, de 22 y 37 a\u00f1os, ten\u00edan antecedentes penales.<\/strong><\/h6>\n\n\n\n<p>Dos sospechosos fueron detenidos en las \u00faltimas horas acusados de intentar robarle a fines de septiembre a un polic\u00eda bonaerense que mantuvo un tiroteo en la zona c\u00e9ntrica de la localidad de San Antonio de Padua, en el partido de Merlo,<\/p>\n\n\n\n<p>Las detenciones fueron realizadas en una casa de la calle Sucre al 1900 de la localidad de Libertad. El Grupo de Apoyo Departamental (GAD) de Merlo y agentes de la comisar\u00eda 2da. de San Antonio de Padua concretaron el operativo en el que secuestraron dos motos robadas, una de ellas la presuntamente utilizada para cometer el asalto al efectivo y otra sustra\u00edda en La Matanza.<\/p>\n\n\n\n<p>Los detenidos, de 22 y 37 a\u00f1os, ten\u00edan antecedentes penales y quedaron a disposici\u00f3n de la fiscal Adriana Su\u00e1rez Corripio que en las pr\u00f3ximas horas les tomar\u00e1 declaraciones en la sede judicial de la Unidad Funcional de Instrucci\u00f3n (UFI) 8 de Mor\u00f3n.<\/p>\n\n\n\n<p>A ambos se los acusa de \u201crobo calificado por el uso de arma de fuego en grado de tentativa (modalidad motochorros), portaci\u00f3n ilegal de arma de fuego de uso civil cuya aptitud para el disparo no puede tenerse por acreditado, robo de motoveh\u00edculo y encubrimiento\u201d.<\/p>\n\n\n\n<p>El asalto al polic\u00eda ocurri\u00f3 en la noche del 29 de septiembre en las calles Intendente Mendiluce e Italia, a solo 200 metros de la estaci\u00f3n de trenes de San Antonio de Padua.<\/p>\n\n\n\n<p>El efectivo que cumple servicio en la comisar\u00eda 8va. de Jos\u00e9 Ingenieros, partido de Tres de Febrero, caminaba hacia su vivienda vestido de civil y fue interceptado por dos \u201cmotochorros\u201d.<\/p>\n\n\n\n<p>La v\u00edctima se identific\u00f3 como polic\u00eda y sac\u00f3 su arma reglamentaria, por lo que en el lugar se gener\u00f3 un breve tiroteo.<\/p>\n\n\n\n<p>Los delincuentes escaparon sin lograr concretar el robo, mientras que el oficial fue asistido por otros polic\u00edas de la comisar\u00eda 2da. de Padua, con jurisdicci\u00f3n en la zona, que llegaron tras el alerta que se irradi\u00f3 por el intercambio de disparos.<\/p>\n\n\n\n<p>En la fuga, los ladrones se encontraron de frente con un patrullero a las pocas cuadras al que le dispararon e hicieron que el conductor chocara contra una columna de alumbrado p\u00fablico aunque sin que nadie haya salido herido.<\/p>\n\n\n\n<figure class=\"wp-block-embed is-type-wp-embed is-provider-sector-prensa wp-block-embed-sector-prensa\"><div class=\"wp-block-embed__wrapper\">\n<blockquote class=\"wp-embedded-content\" data-secret=\"vo8Dp7j1JE\"><a href=\"https:\/\/sectorprensa.com.ar\/2022\/09\/30\/padua-policia-se-tiroteo-con-dos-motochorros-que-quisieron-robarle\/\">Padua: polic\u00eda se tirote\u00f3 con dos motochorros que quisieron robarle<\/a><\/blockquote><iframe loading=\"lazy\" class=\"wp-embedded-content\" sandbox=\"allow-scripts\" security=\"restricted\" style=\"position: absolute; clip: rect(1px, 1px, 1px, 1px);\" title=\"\u00abPadua: polic\u00eda se tirote\u00f3 con dos motochorros que quisieron robarle\u00bb \u2014 Sector Prensa\" src=\"https:\/\/sectorprensa.com.ar\/2022\/09\/30\/padua-policia-se-tiroteo-con-dos-motochorros-que-quisieron-robarle\/embed\/#?secret=tDFbeBRsOy#?secret=vo8Dp7j1JE\" data-secret=\"vo8Dp7j1JE\" width=\"600\" height=\"338\" frameborder=\"0\" marginwidth=\"0\" marginheight=\"0\" scrolling=\"no\"><\/iframe>\n<\/div><\/figure>\n\r\n","protected":false},"excerpt":{"rendered":"<p>Las detenciones fueron realizadas en una casa de la calle Sucre al 1900 de la localidad de Libertad. Los sujetos,<\/p>\n","protected":false},"author":1,"featured_media":48599,"comment_status":"closed","ping_status":"closed","sticky":false,"template":"","format":"standard","meta":{"colormag_page_container_layout":"default_layout","colormag_page_sidebar_layout":"default_layout","footnotes":""},"categories":[6828,7,12],"tags":[487,73,389,1598],"class_list":["post-48597","post","type-post","status-publish","format-standard","has-post-thumbnail","hentry","category-mas-destacadas","category-merlo","category-policiales","tag-detenidos","tag-libertad","tag-motochorros","tag-san-antonio-de-padua"],"_links":{"self":[{"href":"https:\/\/sectorprensa.com.ar\/index.php?rest_route=\/wp\/v2\/posts\/48597","targetHints":{"allow":["GET"]}}],"collection":[{"href":"https:\/\/sectorprensa.com.ar\/index.php?rest_route=\/wp\/v2\/posts"}],"about":[{"href":"https:\/\/sectorprensa.com.ar\/index.php?rest_route=\/wp\/v2\/types\/post"}],"author":[{"embeddable":true,"href":"https:\/\/sectorprensa.com.ar\/index.php?rest_route=\/wp\/v2\/users\/1"}],"replies":[{"embeddable":true,"href":"https:\/\/sectorprensa.com.ar\/index.php?rest_route=%2Fwp%2Fv2%2Fcomments&post=48597"}],"version-history":[{"count":1,"href":"https:\/\/sectorprensa.com.ar\/index.php?rest_route=\/wp\/v2\/posts\/48597\/revisions"}],"predecessor-version":[{"id":48600,"href":"https:\/\/sectorprensa.com.ar\/index.php?rest_route=\/wp\/v2\/posts\/48597\/revisions\/48600"}],"wp:featuredmedia":[{"embeddable":true,"href":"https:\/\/sectorprensa.com.ar\/index.php?rest_route=\/wp\/v2\/media\/48599"}],"wp:attachment":[{"href":"https:\/\/sectorprensa.com.ar\/index.php?rest_route=%2Fwp%2Fv2%2Fmedia&parent=48597"}],"wp:term":[{"taxonomy":"category","embeddable":true,"href":"https:\/\/sectorprensa.com.ar\/index.php?rest_route=%2Fwp%2Fv2%2Fcategories&post=48597"},{"taxonomy":"post_tag","embeddable":true,"href":"https:\/\/sectorprensa.com.ar\/index.php?rest_route=%2Fwp%2Fv2%2Ftags&post=48597"}],"curies":[{"name":"wp","href":"https:\/\/api.w.org\/{rel}","templated":true}]}}