{"id":48639,"date":"2022-10-11T06:00:00","date_gmt":"2022-10-11T06:00:00","guid":{"rendered":"https:\/\/sectorprensa.com.ar\/?p=48639"},"modified":"2022-10-10T15:16:03","modified_gmt":"2022-10-10T15:16:03","slug":"tres-anos-de-prision-para-diego-pollissi-acusado-de-asaltar-un-departamento-en-moron","status":"publish","type":"post","link":"https:\/\/sectorprensa.com.ar\/?p=48639","title":{"rendered":"Tres a\u00f1os de prisi\u00f3n para Diego Pollissi, acusado de asaltar un departamento en Mor\u00f3n"},"content":{"rendered":"\n<h6 class=\"wp-block-heading\"><strong>Se confirm\u00f3 que la huella dactilar del acusado era reciente al robo y no de a\u00f1os como \u00e9l afirmaba.<\/strong><\/h6>\n\n\n\n<p>A trav\u00e9s de un juicio abreviado en los Tribunales de Mor\u00f3n, fue condenado Diego Maximiliano Pollissi (36) tras ser hallado culpable de una entradera en un departamento de la calle Casullo al 300, casi esquina Buen Viaje, en el partido de Mor\u00f3n.<\/p>\n\n\n\n<p>El hecho, que ocurri\u00f3 el 29 de marzo de 2021, gener\u00f3 pol\u00e9mica ya que Pollissi afirm\u00f3 que era inocente. \u201cEs una locura que una persona inocente pase este momento\u201d, hab\u00eda expresado el 30 de noviembre del a\u00f1o pasado su abogado, Javier Ba\u00f1os, en di\u00e1logo con el \u201cT\u00e1nke de B\u00fanker\u201d (lunes a viernes de 10 a 13 hs por FM 94.9).<\/p>\n\n\n\n<p>Cabe recordar que peritos de la Polic\u00eda Cient\u00edfica de Mor\u00f3n encontraron una huella dactilar perteneciente a Pollissi en una ventana del departamento, por lo que fue detenido cuando fue a votar tras el pedido hecho por el fiscal Claudio Oviedo y ratificado luego por el juez de Garant\u00edas N\u00ba 3 de Mor\u00f3n, Gustavo Robles.<\/p>\n\n\n\n<p>Sin embargo, el acusado se defendi\u00f3 diciendo que hab\u00eda trabajado en la empresa que coloc\u00f3 las aberturas en todo el edificio, en el a\u00f1o 2015.<\/p>\n\n\n\n<p>Pero la justicia lo conden\u00f3 por la contundencia de la evidencia hallada: \u201cla prueba que afirma la materialidad del il\u00edcito es irrefutable\u201d, asegur\u00f3 en el fallo el juez Carlos Toti, del Tribunal Oral Criminal N\u00ba 4 de Mor\u00f3n.<\/p>\n\n\n\n<p>De esta forma, se conden\u00f3 al imputado a la pena de tres a\u00f1os de prisi\u00f3n de ejecuci\u00f3n condicional por el delito de robo agravado por escalamiento.<\/p>\n\n\n\n<p>Los interrogantes fueron develados en el veredicto. Por un lado, la huella encontrada era reciente, no de a\u00f1os. Por otro lado, el propio due\u00f1o del departamento asegur\u00f3 no haber hecho reformas en su casa antes del robo sino despu\u00e9s. Por \u00faltimo, la empresa telef\u00f3nica de su celular indic\u00f3 que us\u00f3 datos m\u00f3viles que impactaron en la antena ubicada en la calle Bartolom\u00e9 Mitre al 900 de Mor\u00f3n en la madrugada del d\u00eda del robo.<\/p>\n\n\n\n<figure class=\"wp-block-embed is-type-wp-embed is-provider-sector-prensa wp-block-embed-sector-prensa\"><div class=\"wp-block-embed__wrapper\">\n<blockquote class=\"wp-embedded-content\" data-secret=\"B29JF7Kk58\"><a href=\"https:\/\/sectorprensa.com.ar\/2021\/11\/30\/hablo-el-abogado-de-diego-pollissi-es-una-locura-que-una-persona-inocente-pase-este-momento\/\">HABL\u00d3 EL ABOGADO DE POLLISSI: \u201cES UNA LOCURA QUE UNA PERSONA INOCENTE PASE ESTE MOMENTO\u201d<\/a><\/blockquote><iframe loading=\"lazy\" class=\"wp-embedded-content\" sandbox=\"allow-scripts\" security=\"restricted\" style=\"position: absolute; clip: rect(1px, 1px, 1px, 1px);\" title=\"\u00abHABL\u00d3 EL ABOGADO DE POLLISSI: \u201cES UNA LOCURA QUE UNA PERSONA INOCENTE PASE ESTE MOMENTO\u201d\u00bb \u2014 Sector Prensa\" src=\"https:\/\/sectorprensa.com.ar\/2021\/11\/30\/hablo-el-abogado-de-diego-pollissi-es-una-locura-que-una-persona-inocente-pase-este-momento\/embed\/#?secret=h1o2BFrq7v#?secret=B29JF7Kk58\" data-secret=\"B29JF7Kk58\" width=\"600\" height=\"338\" frameborder=\"0\" marginwidth=\"0\" marginheight=\"0\" scrolling=\"no\"><\/iframe>\n<\/div><\/figure>\n\r\n","protected":false},"excerpt":{"rendered":"<p>Se confirm\u00f3 que la huella dactilar del acusado era reciente al robo y no de a\u00f1os como \u00e9l afirmaba. A<\/p>\n","protected":false},"author":1,"featured_media":48640,"comment_status":"closed","ping_status":"closed","sticky":false,"template":"","format":"standard","meta":{"colormag_page_container_layout":"default_layout","colormag_page_sidebar_layout":"default_layout","footnotes":""},"categories":[6828,5,12],"tags":[570,5762,1577,74],"class_list":["post-48639","post","type-post","status-publish","format-standard","has-post-thumbnail","hentry","category-mas-destacadas","category-moron","category-policiales","tag-detenido","tag-diego-pollissi","tag-prision","tag-robo"],"_links":{"self":[{"href":"https:\/\/sectorprensa.com.ar\/index.php?rest_route=\/wp\/v2\/posts\/48639","targetHints":{"allow":["GET"]}}],"collection":[{"href":"https:\/\/sectorprensa.com.ar\/index.php?rest_route=\/wp\/v2\/posts"}],"about":[{"href":"https:\/\/sectorprensa.com.ar\/index.php?rest_route=\/wp\/v2\/types\/post"}],"author":[{"embeddable":true,"href":"https:\/\/sectorprensa.com.ar\/index.php?rest_route=\/wp\/v2\/users\/1"}],"replies":[{"embeddable":true,"href":"https:\/\/sectorprensa.com.ar\/index.php?rest_route=%2Fwp%2Fv2%2Fcomments&post=48639"}],"version-history":[{"count":1,"href":"https:\/\/sectorprensa.com.ar\/index.php?rest_route=\/wp\/v2\/posts\/48639\/revisions"}],"predecessor-version":[{"id":48641,"href":"https:\/\/sectorprensa.com.ar\/index.php?rest_route=\/wp\/v2\/posts\/48639\/revisions\/48641"}],"wp:featuredmedia":[{"embeddable":true,"href":"https:\/\/sectorprensa.com.ar\/index.php?rest_route=\/wp\/v2\/media\/48640"}],"wp:attachment":[{"href":"https:\/\/sectorprensa.com.ar\/index.php?rest_route=%2Fwp%2Fv2%2Fmedia&parent=48639"}],"wp:term":[{"taxonomy":"category","embeddable":true,"href":"https:\/\/sectorprensa.com.ar\/index.php?rest_route=%2Fwp%2Fv2%2Fcategories&post=48639"},{"taxonomy":"post_tag","embeddable":true,"href":"https:\/\/sectorprensa.com.ar\/index.php?rest_route=%2Fwp%2Fv2%2Ftags&post=48639"}],"curies":[{"name":"wp","href":"https:\/\/api.w.org\/{rel}","templated":true}]}}