{"id":48653,"date":"2022-10-10T23:02:00","date_gmt":"2022-10-10T23:02:00","guid":{"rendered":"https:\/\/sectorprensa.com.ar\/?p=48653"},"modified":"2022-10-11T02:02:41","modified_gmt":"2022-10-11T02:02:41","slug":"final-abierto-entre-centro-espanol-y-yupanqui","status":"publish","type":"post","link":"https:\/\/sectorprensa.com.ar\/?p=48653","title":{"rendered":"Final abierto entre Centro Espa\u00f1ol y Yupanqui"},"content":{"rendered":"\n<h6 class=\"wp-block-heading\"><strong>El Gallego igual\u00f3 contra Yupanqui 0 a 0, en Ituzaing\u00f3, la ida de la final por el ascenso a la Primera C.<\/strong> <strong>Centro buscar\u00e1 hacer historia en Ciudad Evita.<\/strong><\/h6>\n\n\n\n<p>El encuentro comenz\u00f3 con Centro Espa\u00f1ol intentando ser protagonistas, se aproxim\u00f3 con peligro al arco rival pero sin poder concretar. El local apost\u00f3 al pase largo y el desequilibrio de Nicol\u00e1s L\u00f3pez, pero poco le funcion\u00f3. Por su parte, Yupanqui busc\u00f3 el ataque directo y tuvo la situaci\u00f3n m\u00e1s clara del primer tiempo, la defensa sac\u00f3 una pelota en la l\u00ednea.<\/p>\n\n\n\n<p>En la segunda parte, el partido continuaba siendo parejo y trabado. Sin embargo, con el correr de los minutos el Gallego se fue adue\u00f1ando de la partido y gener\u00f3 las mejores situaciones, pero la falta de precisi\u00f3n y la \u00faltima l\u00ednea del Trapero le impidieron llevarse una victoria de Ituzaing\u00f3.<\/p>\n\n\n\n<p>La final por el \u00fanico ascenso a la Primera C qued\u00f3 abierta. Centro Espa\u00f1ol deber\u00e1 ir a Ciudad Evita, con fecha y horario a definir, donde buscar\u00e1 hacer historia.<\/p>\n\r\n","protected":false},"excerpt":{"rendered":"<p>El Gallego igual\u00f3 contra Yupanqui 0 a 0, en Ituzaing\u00f3, la ida de la final por el ascenso a la<\/p>\n","protected":false},"author":1,"featured_media":48654,"comment_status":"closed","ping_status":"closed","sticky":false,"template":"","format":"standard","meta":{"colormag_page_container_layout":"default_layout","colormag_page_sidebar_layout":"default_layout","footnotes":""},"categories":[11],"tags":[744,175],"class_list":["post-48653","post","type-post","status-publish","format-standard","has-post-thumbnail","hentry","category-deportes","tag-centro-espanol","tag-primera-d"],"_links":{"self":[{"href":"https:\/\/sectorprensa.com.ar\/index.php?rest_route=\/wp\/v2\/posts\/48653","targetHints":{"allow":["GET"]}}],"collection":[{"href":"https:\/\/sectorprensa.com.ar\/index.php?rest_route=\/wp\/v2\/posts"}],"about":[{"href":"https:\/\/sectorprensa.com.ar\/index.php?rest_route=\/wp\/v2\/types\/post"}],"author":[{"embeddable":true,"href":"https:\/\/sectorprensa.com.ar\/index.php?rest_route=\/wp\/v2\/users\/1"}],"replies":[{"embeddable":true,"href":"https:\/\/sectorprensa.com.ar\/index.php?rest_route=%2Fwp%2Fv2%2Fcomments&post=48653"}],"version-history":[{"count":1,"href":"https:\/\/sectorprensa.com.ar\/index.php?rest_route=\/wp\/v2\/posts\/48653\/revisions"}],"predecessor-version":[{"id":48655,"href":"https:\/\/sectorprensa.com.ar\/index.php?rest_route=\/wp\/v2\/posts\/48653\/revisions\/48655"}],"wp:featuredmedia":[{"embeddable":true,"href":"https:\/\/sectorprensa.com.ar\/index.php?rest_route=\/wp\/v2\/media\/48654"}],"wp:attachment":[{"href":"https:\/\/sectorprensa.com.ar\/index.php?rest_route=%2Fwp%2Fv2%2Fmedia&parent=48653"}],"wp:term":[{"taxonomy":"category","embeddable":true,"href":"https:\/\/sectorprensa.com.ar\/index.php?rest_route=%2Fwp%2Fv2%2Fcategories&post=48653"},{"taxonomy":"post_tag","embeddable":true,"href":"https:\/\/sectorprensa.com.ar\/index.php?rest_route=%2Fwp%2Fv2%2Ftags&post=48653"}],"curies":[{"name":"wp","href":"https:\/\/api.w.org\/{rel}","templated":true}]}}