{"id":48656,"date":"2022-10-11T00:13:00","date_gmt":"2022-10-11T00:13:00","guid":{"rendered":"https:\/\/sectorprensa.com.ar\/?p=48656"},"modified":"2022-10-11T03:14:07","modified_gmt":"2022-10-11T03:14:07","slug":"kicillof-dijo-que-el-gobierno-no-tolera-ni-promueve-la-violencia-institucional","status":"publish","type":"post","link":"https:\/\/sectorprensa.com.ar\/?p=48656","title":{"rendered":"Kicillof dijo que el gobierno \u00abno tolera ni promueve la violencia institucional\u00bb"},"content":{"rendered":"\n<h6 class=\"wp-block-heading\"><strong>El Gobernador bonaerense se refiri\u00f3 a los incidentes del jueves en la Plata, y calific\u00f3 como \u00abespantoso\u00bb el accionar de la polic\u00eda.<\/strong><\/h6>\n\n\n\n<p>Axel Kicillof, Gobernador bonaerense, habl\u00f3 este domingo sobre el accionar de la polic\u00eda el pasado jueves en La Plata, en el encuentro entre Gimnasia y Boca, y lo calific\u00f3 como \u00abespantoso\u00bb. Adem\u00e1s, asegur\u00f3 que \u00abnuestro gobierno no promueve ni tolera la violencia institucional\u00bb.<\/p>\n\n\n\n<p>El mandatario provincial, quien brind\u00f3 una entrevista ese d\u00eda, indic\u00f3 que apart\u00f3 y expuls\u00f3 de la fuerza al jefe del operativo de manera inmediata.<\/p>\n\n\n\n<p>\u201cNuestro gobierno no promueve ni tolera la violencia institucional, y tomar\u00e9 las decisiones que deba tomar\u00bb, expres\u00f3 Kicillof y marc\u00f3 que est\u00e1n \u00aba disposici\u00f3n de la justicia que est\u00e1 investigando los hechos, al igual que asuntos internos de la polic\u00eda\u00bb.<\/p>\n\n\n\n<p>\u201cEstoy dando una dura pelea para transformar la fuerza. Por primera vez igualamos los salarios de la polic\u00eda bonaerense con las fuerzas federales. Mejoramos los aspectos tecnol\u00f3gicos, la organizaci\u00f3n en cada distrito. Es un tema profundo y complejo que mejoramos desde el inicio de la gesti\u00f3n\u201d, asever\u00f3.<\/p>\n\n\n\n<p>Con respecto a la sospecha de sobreventa de entradas, dijo: \u00abDeber\u00e1n determinar si hubo sobreventa. Las responsabilidades hay que investigarlas. Hay 300 partidos por mes en nuestro territorio y no pasa esto\u201d.<\/p>\n\n\n\n<p>En la misma l\u00ednea, el Gobernador indic\u00f3 que el trabajo de la fuerza de seguridad es prevenir y no agredir.<\/p>\n\n\n\n<p>El respaldo a Sergio Berni, Ministro de Seguridad bonaerense: \u00abNo est\u00e1 acusado de ning\u00fan hecho, se present\u00f3 en forma inmediata en el lugar y critic\u00f3 el accionar policial, respald\u00f3 mi decisi\u00f3n de apartar al jefe del operativo y nos pusimos a disposici\u00f3n de la familia de la persona fallecida (C\u00e9sar Regueiro), que estuvo acompa\u00f1ada desde el primer momento\u201d, se\u00f1al\u00f3.<\/p>\n\n\n\n<figure class=\"wp-block-embed is-type-wp-embed is-provider-sector-prensa wp-block-embed-sector-prensa\"><div class=\"wp-block-embed__wrapper\">\n<blockquote class=\"wp-embedded-content\" data-secret=\"Mt35gMDn2o\"><a href=\"https:\/\/sectorprensa.com.ar\/2022\/10\/06\/kreplak-lanzo-la-campana-de-dosis-extra-de-sarampion-rubeola-paperas-y-polio\/\">Kreplak lanz\u00f3 la campa\u00f1a de dosis extra de sarampi\u00f3n, rub\u00e9ola, paperas y polio<\/a><\/blockquote><iframe loading=\"lazy\" class=\"wp-embedded-content\" sandbox=\"allow-scripts\" security=\"restricted\" style=\"position: absolute; clip: rect(1px, 1px, 1px, 1px);\" title=\"\u00abKreplak lanz\u00f3 la campa\u00f1a de dosis extra de sarampi\u00f3n, rub\u00e9ola, paperas y polio\u00bb \u2014 Sector Prensa\" src=\"https:\/\/sectorprensa.com.ar\/2022\/10\/06\/kreplak-lanzo-la-campana-de-dosis-extra-de-sarampion-rubeola-paperas-y-polio\/embed\/#?secret=QlnyQjIXRo#?secret=Mt35gMDn2o\" data-secret=\"Mt35gMDn2o\" width=\"600\" height=\"338\" frameborder=\"0\" marginwidth=\"0\" marginheight=\"0\" scrolling=\"no\"><\/iframe>\n<\/div><\/figure>\n\r\n","protected":false},"excerpt":{"rendered":"<p>El Gobernador bonaerense se refiri\u00f3 a los incidentes del jueves en la Plata, y calific\u00f3 como \u00abespantoso\u00bb el accionar de<\/p>\n","protected":false},"author":1,"featured_media":48657,"comment_status":"closed","ping_status":"closed","sticky":false,"template":"","format":"standard","meta":{"colormag_page_container_layout":"default_layout","colormag_page_sidebar_layout":"default_layout","footnotes":""},"categories":[17,18],"tags":[3337],"class_list":["post-48656","post","type-post","status-publish","format-standard","has-post-thumbnail","hentry","category-destacadas","category-provincia","tag-axel-kicillof"],"_links":{"self":[{"href":"https:\/\/sectorprensa.com.ar\/index.php?rest_route=\/wp\/v2\/posts\/48656","targetHints":{"allow":["GET"]}}],"collection":[{"href":"https:\/\/sectorprensa.com.ar\/index.php?rest_route=\/wp\/v2\/posts"}],"about":[{"href":"https:\/\/sectorprensa.com.ar\/index.php?rest_route=\/wp\/v2\/types\/post"}],"author":[{"embeddable":true,"href":"https:\/\/sectorprensa.com.ar\/index.php?rest_route=\/wp\/v2\/users\/1"}],"replies":[{"embeddable":true,"href":"https:\/\/sectorprensa.com.ar\/index.php?rest_route=%2Fwp%2Fv2%2Fcomments&post=48656"}],"version-history":[{"count":1,"href":"https:\/\/sectorprensa.com.ar\/index.php?rest_route=\/wp\/v2\/posts\/48656\/revisions"}],"predecessor-version":[{"id":48658,"href":"https:\/\/sectorprensa.com.ar\/index.php?rest_route=\/wp\/v2\/posts\/48656\/revisions\/48658"}],"wp:featuredmedia":[{"embeddable":true,"href":"https:\/\/sectorprensa.com.ar\/index.php?rest_route=\/wp\/v2\/media\/48657"}],"wp:attachment":[{"href":"https:\/\/sectorprensa.com.ar\/index.php?rest_route=%2Fwp%2Fv2%2Fmedia&parent=48656"}],"wp:term":[{"taxonomy":"category","embeddable":true,"href":"https:\/\/sectorprensa.com.ar\/index.php?rest_route=%2Fwp%2Fv2%2Fcategories&post=48656"},{"taxonomy":"post_tag","embeddable":true,"href":"https:\/\/sectorprensa.com.ar\/index.php?rest_route=%2Fwp%2Fv2%2Ftags&post=48656"}],"curies":[{"name":"wp","href":"https:\/\/api.w.org\/{rel}","templated":true}]}}