{"id":48836,"date":"2022-10-18T06:30:00","date_gmt":"2022-10-18T06:30:00","guid":{"rendered":"https:\/\/sectorprensa.com.ar\/?p=48836"},"modified":"2022-10-17T15:10:49","modified_gmt":"2022-10-17T15:10:49","slug":"merlo-elecciones-parlamentarias-juveniles-2023","status":"publish","type":"post","link":"https:\/\/sectorprensa.com.ar\/?p=48836","title":{"rendered":"Merlo: elecciones parlamentarias juveniles 2023"},"content":{"rendered":"\n<h6 class=\"wp-block-heading\"><strong>Cientos de j\u00f3venes depositaron su voto en las urnas en varios puntos del distrito. Se definieron los 12 nuevos integrantes del Parlamento Joven.<\/strong><\/h6>\n\n\n\n<p>Fueron 20 los puntos de votaci\u00f3n distribu\u00eddos en todo el municipio, donde los j\u00f3venes merlenses sufragaron para elegir entre las 5 listas que se presentaron; lista 1 \u201cMerlo MaKina\u201d, lista 2 \u201cFrente de Todos\u201d, lista 3 \u201cJuntos\u201d, lista 4 \u201cJuventud Libertaria\u201d, lista 5 \u201cLa Scaloneta\u201d.<\/p>\n\n\n\n<p>La Subsecretaria de Juventudes Natalia Luxen manifest\u00f3; \u201cEste a\u00f1o tuvimos una mayor participaci\u00f3n, vimos que a los pibes les entusiasma y eligen la pol\u00edtica como herramienta de transformaci\u00f3n\u201d.<\/p>\n\n\n\n<p>Los resultados de las elecciones indicaron la asunci\u00f3n de 6 nuevos concejales juveniles por la lista 2 \u201cFrente de Todos\u201d, 4 concejales por la lista 5 \u201cLa Scaloneta\u201d, 1 concejal por lista 1 \u201cMerlo Makina\u201d, y 1 concejal por lista 3 \u201cJuntos\u201d.\u00a0 El acto de ceremonia se llevar\u00e1 adelante a principios de noviembre.<\/p>\n\n\n\n<p>El Parlamento Joven es un programa dependiente de la Subsecretar\u00eda de Juventudes, a trav\u00e9s del cual los j\u00f3venes de entre 12 y 24 a\u00f1os son convocados al Concejo Deliberante para debatir proyectos de su inter\u00e9s que puedan ser desarrollados en su comunidad.<\/p>\n\n\n\n<figure class=\"wp-block-embed is-type-wp-embed is-provider-sector-prensa wp-block-embed-sector-prensa\"><div class=\"wp-block-embed__wrapper\">\n<blockquote class=\"wp-embedded-content\" data-secret=\"6CuTnQPUy5\"><a href=\"https:\/\/sectorprensa.com.ar\/2022\/08\/30\/merlo-fiesta-de-peluqueros-y-barberos-2\/\">MERLO: FIESTA DE PELUQUEROS Y BARBEROS<\/a><\/blockquote><iframe loading=\"lazy\" class=\"wp-embedded-content\" sandbox=\"allow-scripts\" security=\"restricted\" style=\"position: absolute; clip: rect(1px, 1px, 1px, 1px);\" title=\"\u00abMERLO: FIESTA DE PELUQUEROS Y BARBEROS\u00bb \u2014 Sector Prensa\" src=\"https:\/\/sectorprensa.com.ar\/2022\/08\/30\/merlo-fiesta-de-peluqueros-y-barberos-2\/embed\/#?secret=k2DcXnUyIt#?secret=6CuTnQPUy5\" data-secret=\"6CuTnQPUy5\" width=\"600\" height=\"338\" frameborder=\"0\" marginwidth=\"0\" marginheight=\"0\" scrolling=\"no\"><\/iframe>\n<\/div><\/figure>\n\r\n","protected":false},"excerpt":{"rendered":"<p>Cientos de j\u00f3venes depositaron su voto en las urnas en varios puntos del distrito. Se definieron los 12 nuevos integrantes<\/p>\n","protected":false},"author":1,"featured_media":48837,"comment_status":"closed","ping_status":"closed","sticky":false,"template":"","format":"standard","meta":{"colormag_page_container_layout":"default_layout","colormag_page_sidebar_layout":"default_layout","footnotes":""},"categories":[17,7,1173,8],"tags":[7047,5827,6774],"class_list":["post-48836","post","type-post","status-publish","format-standard","has-post-thumbnail","hentry","category-destacadas","category-merlo","category-municipales","category-politica","tag-elecciones-parlamentarias","tag-honorable-concejo-deliberante","tag-subsecretaria-de-juventudes"],"_links":{"self":[{"href":"https:\/\/sectorprensa.com.ar\/index.php?rest_route=\/wp\/v2\/posts\/48836","targetHints":{"allow":["GET"]}}],"collection":[{"href":"https:\/\/sectorprensa.com.ar\/index.php?rest_route=\/wp\/v2\/posts"}],"about":[{"href":"https:\/\/sectorprensa.com.ar\/index.php?rest_route=\/wp\/v2\/types\/post"}],"author":[{"embeddable":true,"href":"https:\/\/sectorprensa.com.ar\/index.php?rest_route=\/wp\/v2\/users\/1"}],"replies":[{"embeddable":true,"href":"https:\/\/sectorprensa.com.ar\/index.php?rest_route=%2Fwp%2Fv2%2Fcomments&post=48836"}],"version-history":[{"count":2,"href":"https:\/\/sectorprensa.com.ar\/index.php?rest_route=\/wp\/v2\/posts\/48836\/revisions"}],"predecessor-version":[{"id":48839,"href":"https:\/\/sectorprensa.com.ar\/index.php?rest_route=\/wp\/v2\/posts\/48836\/revisions\/48839"}],"wp:featuredmedia":[{"embeddable":true,"href":"https:\/\/sectorprensa.com.ar\/index.php?rest_route=\/wp\/v2\/media\/48837"}],"wp:attachment":[{"href":"https:\/\/sectorprensa.com.ar\/index.php?rest_route=%2Fwp%2Fv2%2Fmedia&parent=48836"}],"wp:term":[{"taxonomy":"category","embeddable":true,"href":"https:\/\/sectorprensa.com.ar\/index.php?rest_route=%2Fwp%2Fv2%2Fcategories&post=48836"},{"taxonomy":"post_tag","embeddable":true,"href":"https:\/\/sectorprensa.com.ar\/index.php?rest_route=%2Fwp%2Fv2%2Ftags&post=48836"}],"curies":[{"name":"wp","href":"https:\/\/api.w.org\/{rel}","templated":true}]}}