{"id":49142,"date":"2022-10-28T14:38:50","date_gmt":"2022-10-28T14:38:50","guid":{"rendered":"https:\/\/sectorprensa.com.ar\/?p=49142"},"modified":"2022-10-28T14:38:53","modified_gmt":"2022-10-28T14:38:53","slug":"moron-ghi-y-kreplak-en-la-apertura-de-una-jornada-municipal-de-salud","status":"publish","type":"post","link":"https:\/\/sectorprensa.com.ar\/?p=49142","title":{"rendered":"Mor\u00f3n: Ghi y Kreplak en la apertura de una Jornada Municipal de Salud"},"content":{"rendered":"\n<h6 class=\"wp-block-heading\"><strong>Durante dos d\u00edas, el Municipio de Mor\u00f3n lleva adelante un encuentro que re\u00fane a trabajadores y trabajadoras del Sistema P\u00fablico de Salud local.<\/strong><\/h6>\n\n\n\n<p>El Municipio de Mor\u00f3n inici\u00f3 ayer una Jornada de Salud en el Polideportivo Gorki Grana \u2014 predio Quinta Ser\u00e9 \u2014 con la presencia del intendente de Mor\u00f3n Lucas Ghi, y el ministro de Salud de la Provincia de Buenos Aires, Nicol\u00e1s Kreplak. En el encuentro, que contin\u00faa hoy, cientos de trabajadores y trabajadoras del Sistema \u00danico Municipal de Salud (SUMS) se re\u00fanen para reflexionar sobre distintas experiencias y tem\u00e1ticas del \u00e1rea. Entre otros temas, se aborda la situaci\u00f3n de los servicios de emergencia, se realizan ponencias sobre casos y patolog\u00edas particulares, se comparten propuestas para mejorar los procesos de atenci\u00f3n a pacientes, la implementaci\u00f3n de la IVE y se discuti\u00f3 sobre diferentes perspectivas para abordar la salud mental.<\/p>\n\n\n\n<p>Luego de participar de la apertura de la jornada, el jefe comunal se refiri\u00f3 al encuentro como \u201cuna acci\u00f3n sumamente valiosa y necesaria para garantizar un mejor acceso y atenci\u00f3n de la salud de la poblaci\u00f3n. Este tipo de espacios de intercambio son muy importantes para pensar de qu\u00e9 manera se mejoran todas las pol\u00edticas p\u00fablicas vinculadas al sistema sanitario y se sigue trabajando en funci\u00f3n de la planificaci\u00f3n para el a\u00f1o que viene. Nuestra idea es seguir garantizando medicaci\u00f3n, seguir incorporando tecnolog\u00eda, mejorando ediliciamente cada uno de los Centros de Atenci\u00f3n Primaria de la Salud, entre otras cuestiones vinculadas al sistema sanitario\u201d.<\/p>\n\n\n\n<p>Adem\u00e1s, Ghi confirm\u00f3 que junto con la Provincia de Buenos Aires se remodelar\u00e1 el CAPS Almafuerte, de Mor\u00f3n sur, replicando lo realizado recientemente en el CAPS Juana Azurduy.<\/p>\n\n\n\n<p>Por su parte, el ministro de Salud bonaerense destac\u00f3 que en la Jornada hubo \u201cm\u00e1s de 500 participantes, m\u00e1s de 90 documentos cient\u00edficos presentados por los trabajadores del distrito para estudiar, evaluar y retratar el resultado de su trabajo cotidiano. Tambi\u00e9n abordaron las innovaciones y las problem\u00e1ticas que enfrentan\u201d. \u201cEsta es una jornada muy importante que Mor\u00f3n viene haciendo hace much\u00edsimo tiempo y se agrega a la misma l\u00ednea que llevamos adelante desde la Provincia\u201d, concluy\u00f3 Kreplak.<\/p>\n\n\n\n<p>Estuvieron presentes el secretario de Salud municipal, Dr. Mart\u00edn Latorraca; el presidente del Honorable Concejo Deliberante, Marcelo Gonz\u00e1lez; el director ejecutivo de la regi\u00f3n sanitaria 7, Carlos Anigstein; la subsecretaria de Gesti\u00f3n de la Informaci\u00f3n, Educaci\u00f3n Permanente y Fiscalizaci\u00f3n de la Provincia, Leticia Ceriani; directores y directoras de Centros de Atenci\u00f3n Primaria de la Salud, concejales y concejalas, trabajadores y trabajadoras de la salud.<\/p>\n\n\n\n<figure class=\"wp-block-embed is-type-wp-embed is-provider-sector-prensa wp-block-embed-sector-prensa\"><div class=\"wp-block-embed__wrapper\">\n<blockquote class=\"wp-embedded-content\" data-secret=\"YiBzlxjpq7\"><a href=\"https:\/\/sectorprensa.com.ar\/2022\/10\/24\/moron-se-intensifica-la-asistencia-para-inscribirse-al-registro-de-subsidios\/\">Mor\u00f3n: se intensifica la asistencia para inscribirse al registro de subsidios<\/a><\/blockquote><iframe loading=\"lazy\" class=\"wp-embedded-content\" sandbox=\"allow-scripts\" security=\"restricted\" style=\"position: absolute; clip: rect(1px, 1px, 1px, 1px);\" title=\"\u00abMor\u00f3n: se intensifica la asistencia para inscribirse al registro de subsidios\u00bb \u2014 Sector Prensa\" src=\"https:\/\/sectorprensa.com.ar\/2022\/10\/24\/moron-se-intensifica-la-asistencia-para-inscribirse-al-registro-de-subsidios\/embed\/#?secret=KrfVX2zkeT#?secret=YiBzlxjpq7\" data-secret=\"YiBzlxjpq7\" width=\"600\" height=\"338\" frameborder=\"0\" marginwidth=\"0\" marginheight=\"0\" scrolling=\"no\"><\/iframe>\n<\/div><\/figure>\n\r\n","protected":false},"excerpt":{"rendered":"<p>Durante dos d\u00edas, el Municipio de Mor\u00f3n lleva adelante un encuentro que re\u00fane a trabajadores y trabajadoras del Sistema P\u00fablico<\/p>\n","protected":false},"author":1,"featured_media":49143,"comment_status":"closed","ping_status":"closed","sticky":false,"template":"","format":"standard","meta":{"colormag_page_container_layout":"default_layout","colormag_page_sidebar_layout":"default_layout","footnotes":""},"categories":[17,5,1173,8,10],"tags":[1769,311,4691,3059],"class_list":["post-49142","post","type-post","status-publish","format-standard","has-post-thumbnail","hentry","category-destacadas","category-moron","category-municipales","category-politica","category-sociedad","tag-jornada-de-salud","tag-lucas-ghi","tag-nicolas-kreplak","tag-salud-publica"],"_links":{"self":[{"href":"https:\/\/sectorprensa.com.ar\/index.php?rest_route=\/wp\/v2\/posts\/49142","targetHints":{"allow":["GET"]}}],"collection":[{"href":"https:\/\/sectorprensa.com.ar\/index.php?rest_route=\/wp\/v2\/posts"}],"about":[{"href":"https:\/\/sectorprensa.com.ar\/index.php?rest_route=\/wp\/v2\/types\/post"}],"author":[{"embeddable":true,"href":"https:\/\/sectorprensa.com.ar\/index.php?rest_route=\/wp\/v2\/users\/1"}],"replies":[{"embeddable":true,"href":"https:\/\/sectorprensa.com.ar\/index.php?rest_route=%2Fwp%2Fv2%2Fcomments&post=49142"}],"version-history":[{"count":1,"href":"https:\/\/sectorprensa.com.ar\/index.php?rest_route=\/wp\/v2\/posts\/49142\/revisions"}],"predecessor-version":[{"id":49144,"href":"https:\/\/sectorprensa.com.ar\/index.php?rest_route=\/wp\/v2\/posts\/49142\/revisions\/49144"}],"wp:featuredmedia":[{"embeddable":true,"href":"https:\/\/sectorprensa.com.ar\/index.php?rest_route=\/wp\/v2\/media\/49143"}],"wp:attachment":[{"href":"https:\/\/sectorprensa.com.ar\/index.php?rest_route=%2Fwp%2Fv2%2Fmedia&parent=49142"}],"wp:term":[{"taxonomy":"category","embeddable":true,"href":"https:\/\/sectorprensa.com.ar\/index.php?rest_route=%2Fwp%2Fv2%2Fcategories&post=49142"},{"taxonomy":"post_tag","embeddable":true,"href":"https:\/\/sectorprensa.com.ar\/index.php?rest_route=%2Fwp%2Fv2%2Ftags&post=49142"}],"curies":[{"name":"wp","href":"https:\/\/api.w.org\/{rel}","templated":true}]}}