{"id":49349,"date":"2022-11-04T16:01:51","date_gmt":"2022-11-04T16:01:51","guid":{"rendered":"https:\/\/sectorprensa.com.ar\/?p=49349"},"modified":"2022-11-04T16:01:54","modified_gmt":"2022-11-04T16:01:54","slug":"video-ingeniero-mato-a-un-joven-delincuente-que-lo-apunto-para-robarle","status":"publish","type":"post","link":"https:\/\/sectorprensa.com.ar\/?p=49349","title":{"rendered":"[Video] Ingeniero mat\u00f3 a un joven delincuente que lo apunt\u00f3 para robarle"},"content":{"rendered":"\n<h6 class=\"wp-block-heading\"><strong>Ocurri\u00f3 en San Justo. El delincuente, que ten\u00eda 19 a\u00f1os, actu\u00f3 con un arma que era una r\u00e9plica. Para la justicia, fue leg\u00edtima defensa.<\/strong><\/h6>\n\n\n\n<p>Un brutal hecho ocurri\u00f3 en las \u00faltimas horas en La Matanza donde un ingeniero bale\u00f3 y mat\u00f3 a un delincuente que lo abord\u00f3 para robarle cuando estaba dentro de su auto.<\/p>\n\n\n\n<p>Todo ocurri\u00f3 este jueves por la tarde en las calles Paraguay y Constituci\u00f3n de la localidad de San Justo, en el mencionado distrito, donde\u00a0Ulises Leonel Camacho Ulunque, de 19 a\u00f1os de edad, intent\u00f3 robarle a un hombre que estaba dentro de un Volkswagen Suran oscuro, un ingeniero electr\u00f3nico de 54.<\/p>\n\n\n\n<p>Al observar que este sujeto se acerc\u00f3 y lo enca\u00f1on\u00f3 con un arma de fuego, el ingeniero blandi\u00f3 su Bersa Thunder Ultra Compact Pro calibre .45, para la que tiene el certificado de leg\u00edtimo usuario, y le dispar\u00f3 en el pecho a Ulunque, que lo hizo retroceder y caer detr\u00e1s del veh\u00edculo. Minutos despu\u00e9s el ladr\u00f3n perdi\u00f3 la vida.<\/p>\n\n\n\n<figure class=\"wp-block-embed is-type-video is-provider-youtube wp-block-embed-youtube wp-embed-aspect-16-9 wp-has-aspect-ratio\"><div class=\"wp-block-embed__wrapper\">\n<iframe loading=\"lazy\" title=\"SAN JUSTO I Un ingeniero mat\u00f3 a un ladr\u00f3n que intent\u00f3 robarle el auto y se fue a trabajar\" width=\"800\" height=\"450\" src=\"https:\/\/www.youtube.com\/embed\/uRVmNq-hwWI?feature=oembed\" frameborder=\"0\" allow=\"accelerometer; autoplay; clipboard-write; encrypted-media; gyroscope; picture-in-picture\" allowfullscreen><\/iframe>\n<\/div><\/figure>\n\n\n\n<p>Lo m\u00e1s llamativo del caso es que, tras disparar, el tirador baj\u00f3, pate\u00f3 la pistola del sujeto, volvi\u00f3 a subirse al auto y se fue a trabajar, mientras el chico malherido permanec\u00eda en el lugar; de hecho, el joven fue hallado por personal policial de la Comisar\u00eda Primera de San Justo, aunque ya estaba sin vida.<\/p>\n\n\n\n<p>El caso es investigado por el fiscal\u00a0Gast\u00f3n Dupla\u00e1, titular de la UFI Tem\u00e1tica de Homicidios del Departamento Judicial de La Matanza, quien orden\u00f3 observar las c\u00e1maras de seguridad de la zona y constat\u00f3 lo que hab\u00eda sucedido, por lo que dispuso rastrillar la zona en busca del auto y lo hall\u00f3 en la calle Constituci\u00f3n al 3600, muy cerca del lugar del hecho.<\/p>\n\n\n\n<p>Con el dominio hallaron al propietario, quien dej\u00f3 el veh\u00edculo cerca de su trabajo, al que concurri\u00f3 sin dar aviso a las autoridades de lo sucedido: en su lugar de trabajo los polic\u00edas le secuestraron el arma mencionada con su cargador y nueve municiones intactas, al tiempo que se lo notific\u00f3 de la apertura de la causa por el homicidio del delincuente, aunque no se lo aprehendi\u00f3 ya que en principio actu\u00f3 en leg\u00edtima defensa.<\/p>\n\n\n\n<p>El fiscal Dupla\u00e1 dispuso que se le realice al ingeniero la prueba de dermotest y que se secuestre su veh\u00edculo, al tiempo que tras investigar al delincuente muerto se supo su identidad y que pose\u00eda antecedentes, tras ser detenido el 20 de octubre pasado por \u201churto automotor\u201d, hecho en el que intervino la UFI N\u00ba 12 del Departamento Judicial La Matanza.<\/p>\n\n\n\n<p>Adem\u00e1s, se supo que el arma de Camacho era un r\u00e9plica; es decir que no estaba apta para el disparo.<\/p>\n\n\n\n<figure class=\"wp-block-embed is-type-wp-embed is-provider-sector-prensa wp-block-embed-sector-prensa\"><div class=\"wp-block-embed__wrapper\">\n<blockquote class=\"wp-embedded-content\" data-secret=\"sXmuCxBaeO\"><a href=\"https:\/\/sectorprensa.com.ar\/2022\/11\/03\/video-detuvieron-a-dos-sospechosos-por-el-crimen-de-la-enfermera-en-ciudad-evita\/\">[Video] Detuvieron a dos sospechosos por el crimen de la enfermera en Ciudad Evita<\/a><\/blockquote><iframe loading=\"lazy\" class=\"wp-embedded-content\" sandbox=\"allow-scripts\" security=\"restricted\" style=\"position: absolute; clip: rect(1px, 1px, 1px, 1px);\" title=\"\u00ab[Video] Detuvieron a dos sospechosos por el crimen de la enfermera en Ciudad Evita\u00bb \u2014 Sector Prensa\" src=\"https:\/\/sectorprensa.com.ar\/2022\/11\/03\/video-detuvieron-a-dos-sospechosos-por-el-crimen-de-la-enfermera-en-ciudad-evita\/embed\/#?secret=rXqudIvBJ8#?secret=sXmuCxBaeO\" data-secret=\"sXmuCxBaeO\" width=\"600\" height=\"338\" frameborder=\"0\" marginwidth=\"0\" marginheight=\"0\" scrolling=\"no\"><\/iframe>\n<\/div><\/figure>\n\r\n","protected":false},"excerpt":{"rendered":"<p>Ocurri\u00f3 en San Justo. El delincuente, que ten\u00eda 19 a\u00f1os, actu\u00f3 con un arma que era una r\u00e9plica. Para la<\/p>\n","protected":false},"author":1,"featured_media":49350,"comment_status":"closed","ping_status":"closed","sticky":false,"template":"","format":"video","meta":{"colormag_page_container_layout":"default_layout","colormag_page_sidebar_layout":"default_layout","footnotes":""},"categories":[17,12],"tags":[1599,767,74,41],"class_list":["post-49349","post","type-post","status-publish","format-video","has-post-thumbnail","hentry","category-destacadas","category-policiales","tag-delincuente","tag-la-matanza","tag-robo","tag-san-justo","post_format-post-format-video"],"_links":{"self":[{"href":"https:\/\/sectorprensa.com.ar\/index.php?rest_route=\/wp\/v2\/posts\/49349","targetHints":{"allow":["GET"]}}],"collection":[{"href":"https:\/\/sectorprensa.com.ar\/index.php?rest_route=\/wp\/v2\/posts"}],"about":[{"href":"https:\/\/sectorprensa.com.ar\/index.php?rest_route=\/wp\/v2\/types\/post"}],"author":[{"embeddable":true,"href":"https:\/\/sectorprensa.com.ar\/index.php?rest_route=\/wp\/v2\/users\/1"}],"replies":[{"embeddable":true,"href":"https:\/\/sectorprensa.com.ar\/index.php?rest_route=%2Fwp%2Fv2%2Fcomments&post=49349"}],"version-history":[{"count":1,"href":"https:\/\/sectorprensa.com.ar\/index.php?rest_route=\/wp\/v2\/posts\/49349\/revisions"}],"predecessor-version":[{"id":49351,"href":"https:\/\/sectorprensa.com.ar\/index.php?rest_route=\/wp\/v2\/posts\/49349\/revisions\/49351"}],"wp:featuredmedia":[{"embeddable":true,"href":"https:\/\/sectorprensa.com.ar\/index.php?rest_route=\/wp\/v2\/media\/49350"}],"wp:attachment":[{"href":"https:\/\/sectorprensa.com.ar\/index.php?rest_route=%2Fwp%2Fv2%2Fmedia&parent=49349"}],"wp:term":[{"taxonomy":"category","embeddable":true,"href":"https:\/\/sectorprensa.com.ar\/index.php?rest_route=%2Fwp%2Fv2%2Fcategories&post=49349"},{"taxonomy":"post_tag","embeddable":true,"href":"https:\/\/sectorprensa.com.ar\/index.php?rest_route=%2Fwp%2Fv2%2Ftags&post=49349"}],"curies":[{"name":"wp","href":"https:\/\/api.w.org\/{rel}","templated":true}]}}