{"id":49500,"date":"2022-11-10T06:20:00","date_gmt":"2022-11-10T06:20:00","guid":{"rendered":"https:\/\/sectorprensa.com.ar\/?p=49500"},"modified":"2022-11-09T17:50:47","modified_gmt":"2022-11-09T17:50:47","slug":"ituzaingo-charla-de-alimentacion-saludable-en-la-torcaza","status":"publish","type":"post","link":"https:\/\/sectorprensa.com.ar\/?p=49500","title":{"rendered":"Ituzaing\u00f3: charla de alimentaci\u00f3n saludable en La Torcaza"},"content":{"rendered":"\n<h6 class=\"wp-block-heading\"><strong>Ser\u00e1 este viernes 11 de noviembre de 9 a 12 horas. La actividad\u00a0contar\u00e1 con la participaci\u00f3n de la Licenciada en nutrici\u00f3n Marita Montagnani.<\/strong><\/h6>\n\n\n\n<p>Este viernes 11 de noviembre, de 9 a 12 hs en el Polideportivo La Torcaza, se llevar\u00e1 a cabo la charla \u201cAlimentaci\u00f3n Saludable y Agroecolog\u00eda\u201d, que organiza el Municipio de Ituzaing\u00f3 en conjunto con el INTA, en el marco del cierre del curso de \u201cPromotores Escolares en Agroecolog\u00eda\u201d.<\/p>\n\n\n\n<p>La actividad&nbsp;contar\u00e1 con la participaci\u00f3n de la Licenciada en nutrici\u00f3n Marita Montagnani, quien trabaja hace m\u00e1s de veinte a\u00f1os en educaci\u00f3n alimentaria a trav\u00e9s del Programa Nacional ProHuerta.<\/p>\n\n\n\n<p>Durante la misma se abordar\u00e1n temas como:<\/p>\n\n\n\n<ul class=\"wp-block-list\">\n<li>Grupos de Alimentos y Gr\u00e1fica GAPA<\/li>\n\n\n\n<li>Situaci\u00f3n Alimentaria y Nutricional de la poblaci\u00f3n.<\/li>\n\n\n\n<li>Colores, Sabores y aromas de la Huerta y su valor nutritivo.<\/li>\n\n\n\n<li>Sustitutos Naturales para disminuir el consumo de ingredientes de mala calidad.<\/li>\n\n\n\n<li>Comidas saludables para preparar.<\/li>\n<\/ul>\n\n\n\n<p>Adem\u00e1s se har\u00e1 entrega de los certificados a docentes de instituciones educativas de Ituzaing\u00f3 que participaron del curso de \u201cPromotores Escolares en Agroecolog\u00eda\u201d. El mismo tuvo como objetivo que las instituciones educativas puedan designar un representante para realizar esta capacitaci\u00f3n; para que puedan realizar una huerta agroecol\u00f3gica junto con los y las estudiantes, y extender estos conocimientos a todas las familias que forman parte de la comunidad educativa.<\/p>\n\n\n\n<p>Actividad abierta a toda la comunidad.<\/p>\n\n\n\n<figure class=\"wp-block-embed is-type-wp-embed is-provider-sector-prensa wp-block-embed-sector-prensa\"><div class=\"wp-block-embed__wrapper\">\n<blockquote class=\"wp-embedded-content\" data-secret=\"BfGao0FWeZ\"><a href=\"https:\/\/sectorprensa.com.ar\/2022\/11\/08\/ituzaingo-llega-la-nueva-edicion-de-mercados-bonaerenses\/\">Ituzaing\u00f3: llega la nueva edici\u00f3n de Mercados Bonaerenses<\/a><\/blockquote><iframe loading=\"lazy\" class=\"wp-embedded-content\" sandbox=\"allow-scripts\" security=\"restricted\" style=\"position: absolute; clip: rect(1px, 1px, 1px, 1px);\" title=\"\u00abItuzaing\u00f3: llega la nueva edici\u00f3n de Mercados Bonaerenses\u00bb \u2014 Sector Prensa\" src=\"https:\/\/sectorprensa.com.ar\/2022\/11\/08\/ituzaingo-llega-la-nueva-edicion-de-mercados-bonaerenses\/embed\/#?secret=FA1sSjWl9R#?secret=BfGao0FWeZ\" data-secret=\"BfGao0FWeZ\" width=\"600\" height=\"338\" frameborder=\"0\" marginwidth=\"0\" marginheight=\"0\" scrolling=\"no\"><\/iframe>\n<\/div><\/figure>\n\r\n","protected":false},"excerpt":{"rendered":"<p>Ser\u00e1 este viernes 11 de noviembre de 9 a 12 horas. La actividad\u00a0contar\u00e1 con la participaci\u00f3n de la Licenciada en<\/p>\n","protected":false},"author":1,"featured_media":49501,"comment_status":"closed","ping_status":"closed","sticky":false,"template":"","format":"standard","meta":{"colormag_page_container_layout":"default_layout","colormag_page_sidebar_layout":"default_layout","footnotes":""},"categories":[17,4,1173,10],"tags":[1915,180,3158],"class_list":["post-49500","post","type-post","status-publish","format-standard","has-post-thumbnail","hentry","category-destacadas","category-ituzaingo","category-municipales","category-sociedad","tag-charla","tag-la-torcaza","tag-nutricion"],"_links":{"self":[{"href":"https:\/\/sectorprensa.com.ar\/index.php?rest_route=\/wp\/v2\/posts\/49500","targetHints":{"allow":["GET"]}}],"collection":[{"href":"https:\/\/sectorprensa.com.ar\/index.php?rest_route=\/wp\/v2\/posts"}],"about":[{"href":"https:\/\/sectorprensa.com.ar\/index.php?rest_route=\/wp\/v2\/types\/post"}],"author":[{"embeddable":true,"href":"https:\/\/sectorprensa.com.ar\/index.php?rest_route=\/wp\/v2\/users\/1"}],"replies":[{"embeddable":true,"href":"https:\/\/sectorprensa.com.ar\/index.php?rest_route=%2Fwp%2Fv2%2Fcomments&post=49500"}],"version-history":[{"count":1,"href":"https:\/\/sectorprensa.com.ar\/index.php?rest_route=\/wp\/v2\/posts\/49500\/revisions"}],"predecessor-version":[{"id":49502,"href":"https:\/\/sectorprensa.com.ar\/index.php?rest_route=\/wp\/v2\/posts\/49500\/revisions\/49502"}],"wp:featuredmedia":[{"embeddable":true,"href":"https:\/\/sectorprensa.com.ar\/index.php?rest_route=\/wp\/v2\/media\/49501"}],"wp:attachment":[{"href":"https:\/\/sectorprensa.com.ar\/index.php?rest_route=%2Fwp%2Fv2%2Fmedia&parent=49500"}],"wp:term":[{"taxonomy":"category","embeddable":true,"href":"https:\/\/sectorprensa.com.ar\/index.php?rest_route=%2Fwp%2Fv2%2Fcategories&post=49500"},{"taxonomy":"post_tag","embeddable":true,"href":"https:\/\/sectorprensa.com.ar\/index.php?rest_route=%2Fwp%2Fv2%2Ftags&post=49500"}],"curies":[{"name":"wp","href":"https:\/\/api.w.org\/{rel}","templated":true}]}}