{"id":49503,"date":"2022-11-10T06:00:00","date_gmt":"2022-11-10T06:00:00","guid":{"rendered":"https:\/\/sectorprensa.com.ar\/?p=49503"},"modified":"2022-11-09T18:46:36","modified_gmt":"2022-11-09T18:46:36","slug":"video-moreno-mechera-le-robo-el-celular-a-una-vendedora","status":"publish","type":"post","link":"https:\/\/sectorprensa.com.ar\/?p=49503","title":{"rendered":"[Video] Moreno: mechera le rob\u00f3 el celular a una vendedora"},"content":{"rendered":"\n<h6 class=\"wp-block-heading\"><strong>Ocurri\u00f3 este martes en un local ubicado en la calle Merlo al 2800. La ladrona estaba con su hija al lado.<\/strong><\/h6>\n\n\n\n<p>Una mechera le rob\u00f3 el celular a una se\u00f1ora que atend\u00eda en un negocio ubicado en la calle Merlo al 2800, en el partido de Moreno.<\/p>\n\n\n\n<p>El hecho ocurri\u00f3 este martes, cuando la ladrona, que estaba con su hija menor de edad, fue a un local que vende fundas para celulares.<\/p>\n\n\n\n<figure class=\"wp-block-embed is-type-rich is-provider-twitter wp-block-embed-twitter\"><div class=\"wp-block-embed__wrapper\">\n<blockquote class=\"twitter-tweet\" data-width=\"550\" data-dnt=\"true\"><p lang=\"es\" dir=\"ltr\">EL PEOR EJEMPLO<br><br>Con su hija al lado, as\u00ed una mechera le rob\u00f3 el celular a la se\u00f1ora que atiende el negocio.<br><br>\ud83d\udccdMerlo.<br>\ud83d\udcf2M\u00e1s: <a href=\"https:\/\/t.co\/0Q17k5SfrR\">https:\/\/t.co\/0Q17k5SfrR<\/a> <a href=\"https:\/\/t.co\/dWYlerduaE\">pic.twitter.com\/dWYlerduaE<\/a><\/p>&mdash; V\u00eda Szeta (@mauroszeta) <a href=\"https:\/\/twitter.com\/mauroszeta\/status\/1590326019017187335?ref_src=twsrc%5Etfw\">November 9, 2022<\/a><\/blockquote><script async src=\"https:\/\/platform.twitter.com\/widgets.js\" charset=\"utf-8\"><\/script>\n<\/div><\/figure>\n\n\n\n<p>All\u00ed, una c\u00e1mara de seguridad del lugar capt\u00f3 el momento en el que la mechera espera a que la vendedora se vaya para robarle el celular que estaba en el mostrador.<\/p>\n\n\n\n<p>Cuando la v\u00edctima regres\u00f3, la ladrona segu\u00eda en el lugar, pero no se dio cuenta que le faltaba su celular. As\u00ed, la mechera escap\u00f3 junto a la nena.<\/p>\n\n\n\n<figure class=\"wp-block-embed is-type-wp-embed is-provider-sector-prensa wp-block-embed-sector-prensa\"><div class=\"wp-block-embed__wrapper\">\n<blockquote class=\"wp-embedded-content\" data-secret=\"2cxV9aHEX7\"><a href=\"https:\/\/sectorprensa.com.ar\/2022\/11\/09\/acceso-oeste-volco-un-camion-con-media-reses-y-provoco-demoras-hacia-la-ciudad\/\">Acceso Oeste: volc\u00f3 un cami\u00f3n con media reses y provoc\u00f3 demoras hacia la Ciudad<\/a><\/blockquote><iframe loading=\"lazy\" class=\"wp-embedded-content\" sandbox=\"allow-scripts\" security=\"restricted\" style=\"position: absolute; clip: rect(1px, 1px, 1px, 1px);\" title=\"\u00abAcceso Oeste: volc\u00f3 un cami\u00f3n con media reses y provoc\u00f3 demoras hacia la Ciudad\u00bb \u2014 Sector Prensa\" src=\"https:\/\/sectorprensa.com.ar\/2022\/11\/09\/acceso-oeste-volco-un-camion-con-media-reses-y-provoco-demoras-hacia-la-ciudad\/embed\/#?secret=4PFo08JUSD#?secret=2cxV9aHEX7\" data-secret=\"2cxV9aHEX7\" width=\"600\" height=\"338\" frameborder=\"0\" marginwidth=\"0\" marginheight=\"0\" scrolling=\"no\"><\/iframe>\n<\/div><\/figure>\n\r\n","protected":false},"excerpt":{"rendered":"<p>Ocurri\u00f3 este martes en un local ubicado en la calle Merlo al 2800. La ladrona estaba con su hija al<\/p>\n","protected":false},"author":1,"featured_media":49504,"comment_status":"closed","ping_status":"closed","sticky":false,"template":"","format":"video","meta":{"colormag_page_container_layout":"default_layout","colormag_page_sidebar_layout":"default_layout","footnotes":""},"categories":[6828,2154,12],"tags":[5573,437,74],"class_list":["post-49503","post","type-post","status-publish","format-video","has-post-thumbnail","hentry","category-mas-destacadas","category-moreno","category-policiales","tag-mecheras","tag-moreno","tag-robo","post_format-post-format-video"],"_links":{"self":[{"href":"https:\/\/sectorprensa.com.ar\/index.php?rest_route=\/wp\/v2\/posts\/49503","targetHints":{"allow":["GET"]}}],"collection":[{"href":"https:\/\/sectorprensa.com.ar\/index.php?rest_route=\/wp\/v2\/posts"}],"about":[{"href":"https:\/\/sectorprensa.com.ar\/index.php?rest_route=\/wp\/v2\/types\/post"}],"author":[{"embeddable":true,"href":"https:\/\/sectorprensa.com.ar\/index.php?rest_route=\/wp\/v2\/users\/1"}],"replies":[{"embeddable":true,"href":"https:\/\/sectorprensa.com.ar\/index.php?rest_route=%2Fwp%2Fv2%2Fcomments&post=49503"}],"version-history":[{"count":1,"href":"https:\/\/sectorprensa.com.ar\/index.php?rest_route=\/wp\/v2\/posts\/49503\/revisions"}],"predecessor-version":[{"id":49505,"href":"https:\/\/sectorprensa.com.ar\/index.php?rest_route=\/wp\/v2\/posts\/49503\/revisions\/49505"}],"wp:featuredmedia":[{"embeddable":true,"href":"https:\/\/sectorprensa.com.ar\/index.php?rest_route=\/wp\/v2\/media\/49504"}],"wp:attachment":[{"href":"https:\/\/sectorprensa.com.ar\/index.php?rest_route=%2Fwp%2Fv2%2Fmedia&parent=49503"}],"wp:term":[{"taxonomy":"category","embeddable":true,"href":"https:\/\/sectorprensa.com.ar\/index.php?rest_route=%2Fwp%2Fv2%2Fcategories&post=49503"},{"taxonomy":"post_tag","embeddable":true,"href":"https:\/\/sectorprensa.com.ar\/index.php?rest_route=%2Fwp%2Fv2%2Ftags&post=49503"}],"curies":[{"name":"wp","href":"https:\/\/api.w.org\/{rel}","templated":true}]}}