{"id":49529,"date":"2022-11-10T10:28:00","date_gmt":"2022-11-10T10:28:00","guid":{"rendered":"https:\/\/sectorprensa.com.ar\/?p=49529"},"modified":"2022-11-10T13:28:15","modified_gmt":"2022-11-10T13:28:15","slug":"condiciones-para-acceder-al-refuerzo-alimentario-para-adultos-sin-ingresos","status":"publish","type":"post","link":"https:\/\/sectorprensa.com.ar\/?p=49529","title":{"rendered":"Condiciones para acceder al refuerzo alimentario para adultos sin ingresos"},"content":{"rendered":"\n<h6 class=\"wp-block-heading\"><strong>El beneficio ser\u00e1 percibido en noviembre y diciembre del presente a\u00f1o. Conoc\u00e9 las condiciones para acceder al mismo.<\/strong><\/h6>\n\n\n\n<p>Mediante el Decreto 758\/22, publicado en el Bolet\u00edn Oficial, el gobierno nacional oficializ\u00f3 este mi\u00e9rcoles el refuerzo alimentario para adultos sin ingresos de 45 mil pesos. El mismo estar\u00e1 destinado a personas que se encuentren en situaci\u00f3n de \u00abextrema vulnerabilidad\u00bb.<\/p>\n\n\n\n<p>El texto lleva la firma del Presidente Alberto Fern\u00e1ndez, Juan Manzur (Jefe de Gabinete), Sergio Massa (Ministro de Econom\u00eda), Raquel Olmos (Ministra de Trabajo) y Victoria Tolosa Paz (Ministra de Desarrollo Social). El mismo indica que se va a tener en cuenta \u00absi las personas son beneficiarias de alguna prestaci\u00f3n por desempleo o programa social, ya sea otorgada por el Gobierno nacional, las provincias, la Ciudad Aut\u00f3noma de Buenos Aires o los municipios\u00bb.<\/p>\n\n\n\n<p>El refuerzo ser\u00e1 de 45 mil pesos, se pagar\u00e1 en dos tramos de 22.500 pesos cada uno, en noviembre y diciembre. Se deber\u00e1 solicitar ante ANSES.<\/p>\n\n\n\n<p>Los condiciones para acceder al refuerzo son tener entre 18 y 65 a\u00f1os, encontrarse en situaci\u00f3n de vulnerabilidad econ\u00f3mica y patrimonial, no percibir ingresos formales ni estar en relaci\u00f3n de dependencia, y no ser tampoco titular de jubilaciones, pensiones, planes, programas o prestaciones de seguridad social, entre otros.<\/p>\n\n\n\n<figure class=\"wp-block-embed is-type-wp-embed is-provider-sector-prensa wp-block-embed-sector-prensa\"><div class=\"wp-block-embed__wrapper\">\n<blockquote class=\"wp-embedded-content\" data-secret=\"hSvaq73BW5\"><a href=\"https:\/\/sectorprensa.com.ar\/2022\/11\/09\/los-beneficiarios-de-programas-con-incompatibilidades-seran-suspendidos-de-manera-inmediata\/\">Los beneficiarios de programas con incompatibilidades ser\u00e1n suspendidos de manera inmediata<\/a><\/blockquote><iframe loading=\"lazy\" class=\"wp-embedded-content\" sandbox=\"allow-scripts\" security=\"restricted\" style=\"position: absolute; clip: rect(1px, 1px, 1px, 1px);\" title=\"\u00abLos beneficiarios de programas con incompatibilidades ser\u00e1n suspendidos de manera inmediata\u00bb \u2014 Sector Prensa\" src=\"https:\/\/sectorprensa.com.ar\/2022\/11\/09\/los-beneficiarios-de-programas-con-incompatibilidades-seran-suspendidos-de-manera-inmediata\/embed\/#?secret=BtPQfLIK34#?secret=hSvaq73BW5\" data-secret=\"hSvaq73BW5\" width=\"600\" height=\"338\" frameborder=\"0\" marginwidth=\"0\" marginheight=\"0\" scrolling=\"no\"><\/iframe>\n<\/div><\/figure>\n\r\n","protected":false},"excerpt":{"rendered":"<p>El beneficio ser\u00e1 percibido en noviembre y diciembre del presente a\u00f1o. Conoc\u00e9 las condiciones para acceder al mismo. Mediante el<\/p>\n","protected":false},"author":1,"featured_media":49530,"comment_status":"closed","ping_status":"closed","sticky":false,"template":"","format":"standard","meta":{"colormag_page_container_layout":"default_layout","colormag_page_sidebar_layout":"default_layout","footnotes":""},"categories":[17,8],"tags":[5564,7164],"class_list":["post-49529","post","type-post","status-publish","format-standard","has-post-thumbnail","hentry","category-destacadas","category-politica","tag-economia","tag-refuerzo-alimentario-para-adultos"],"_links":{"self":[{"href":"https:\/\/sectorprensa.com.ar\/index.php?rest_route=\/wp\/v2\/posts\/49529","targetHints":{"allow":["GET"]}}],"collection":[{"href":"https:\/\/sectorprensa.com.ar\/index.php?rest_route=\/wp\/v2\/posts"}],"about":[{"href":"https:\/\/sectorprensa.com.ar\/index.php?rest_route=\/wp\/v2\/types\/post"}],"author":[{"embeddable":true,"href":"https:\/\/sectorprensa.com.ar\/index.php?rest_route=\/wp\/v2\/users\/1"}],"replies":[{"embeddable":true,"href":"https:\/\/sectorprensa.com.ar\/index.php?rest_route=%2Fwp%2Fv2%2Fcomments&post=49529"}],"version-history":[{"count":1,"href":"https:\/\/sectorprensa.com.ar\/index.php?rest_route=\/wp\/v2\/posts\/49529\/revisions"}],"predecessor-version":[{"id":49531,"href":"https:\/\/sectorprensa.com.ar\/index.php?rest_route=\/wp\/v2\/posts\/49529\/revisions\/49531"}],"wp:featuredmedia":[{"embeddable":true,"href":"https:\/\/sectorprensa.com.ar\/index.php?rest_route=\/wp\/v2\/media\/49530"}],"wp:attachment":[{"href":"https:\/\/sectorprensa.com.ar\/index.php?rest_route=%2Fwp%2Fv2%2Fmedia&parent=49529"}],"wp:term":[{"taxonomy":"category","embeddable":true,"href":"https:\/\/sectorprensa.com.ar\/index.php?rest_route=%2Fwp%2Fv2%2Fcategories&post=49529"},{"taxonomy":"post_tag","embeddable":true,"href":"https:\/\/sectorprensa.com.ar\/index.php?rest_route=%2Fwp%2Fv2%2Ftags&post=49529"}],"curies":[{"name":"wp","href":"https:\/\/api.w.org\/{rel}","templated":true}]}}