{"id":49643,"date":"2022-11-14T13:56:00","date_gmt":"2022-11-14T13:56:00","guid":{"rendered":"https:\/\/sectorprensa.com.ar\/?p=49643"},"modified":"2022-11-14T16:56:22","modified_gmt":"2022-11-14T16:56:22","slug":"merlo-actividades-en-los-museos-del-distrito","status":"publish","type":"post","link":"https:\/\/sectorprensa.com.ar\/?p=49643","title":{"rendered":"Merlo: actividades en los museos del distrito"},"content":{"rendered":"\n<h6 class=\"wp-block-heading\"><strong>La Secretar\u00eda de Cultura organiz\u00f3 visitas guiadas en el Museo de Ciencias Naturales y el Museo Casa Correa.<\/strong><\/h6>\n\n\n\n<p>M\u00e1s de 100 museos e instituciones bonaerenses brindaron actividades, y Merlo no fue la excepci\u00f3n. El Museo Casa Correa realiz\u00f3 muestras. Rafael D\u00edaz, Subsecretario de Cultura merlense, expres\u00f3: \u201cEstamos recibiendo a todos los vecinos para hacer la gu\u00eda en la que puedan trasladarse en el tiempo y, a trav\u00e9s de nuestras generaciones anteriores, ver c\u00f3mo viv\u00edan y c\u00f3mo era la realidad de sus d\u00edas\u201d.<\/p>\n\n\n\n<p>\u201cMerlo tiene mucha tradici\u00f3n hist\u00f3rica dentro de la Provincia de Buenos Aires y es algo que llama mucho la atenci\u00f3n\u201d, agreg\u00f3.<\/p>\n\n\n\n<p>\u201cEn este distrito se construyen identidad y cultura\u201d, manifest\u00f3 la Muse\u00f3loga Wanda Fracchia, al tiempo que sostuvo que \u201csi no se difunden estos referentes de la memoria, no existen\u201d.<\/p>\n\n\n\n<p>Por su parte, el Museo de Ciencias Naturales expuso rocas y f\u00f3siles. El Director Alejandro Carletti, indic\u00f3 otras propuestas: \u201cTenemos, adem\u00e1s, insectos, invertebrados y animales vivos, que interactuamos con la gente para que puedan conocerlos y sacarse ese miedo\u201d.<\/p>\n\n\n\n<figure class=\"wp-block-embed is-type-wp-embed is-provider-sector-prensa wp-block-embed-sector-prensa\"><div class=\"wp-block-embed__wrapper\">\n<blockquote class=\"wp-embedded-content\" data-secret=\"W4OuAjwOu7\"><a href=\"https:\/\/sectorprensa.com.ar\/2022\/11\/13\/hay-que-recuperar-esto-que-la-familia-vuelva-a-la-cancha\/\">&#8220;Hay que recuperar esto, que la familia vuelva a la cancha&#8221;<\/a><\/blockquote><iframe loading=\"lazy\" class=\"wp-embedded-content\" sandbox=\"allow-scripts\" security=\"restricted\" style=\"position: absolute; clip: rect(1px, 1px, 1px, 1px);\" title=\"\u00ab&#8220;Hay que recuperar esto, que la familia vuelva a la cancha&#8221;\u00bb \u2014 Sector Prensa\" src=\"https:\/\/sectorprensa.com.ar\/2022\/11\/13\/hay-que-recuperar-esto-que-la-familia-vuelva-a-la-cancha\/embed\/#?secret=ARKaNdrdcz#?secret=W4OuAjwOu7\" data-secret=\"W4OuAjwOu7\" width=\"600\" height=\"338\" frameborder=\"0\" marginwidth=\"0\" marginheight=\"0\" scrolling=\"no\"><\/iframe>\n<\/div><\/figure>\n\r\n","protected":false},"excerpt":{"rendered":"<p>La Secretar\u00eda de Cultura organiz\u00f3 visitas guiadas en el Museo de Ciencias Naturales y el Museo Casa Correa. M\u00e1s de<\/p>\n","protected":false},"author":1,"featured_media":49644,"comment_status":"closed","ping_status":"closed","sticky":false,"template":"","format":"standard","meta":{"colormag_page_container_layout":"default_layout","colormag_page_sidebar_layout":"default_layout","footnotes":""},"categories":[17,7,1173],"tags":[25,6821],"class_list":["post-49643","post","type-post","status-publish","format-standard","has-post-thumbnail","hentry","category-destacadas","category-merlo","category-municipales","tag-merlo","tag-museos"],"_links":{"self":[{"href":"https:\/\/sectorprensa.com.ar\/index.php?rest_route=\/wp\/v2\/posts\/49643","targetHints":{"allow":["GET"]}}],"collection":[{"href":"https:\/\/sectorprensa.com.ar\/index.php?rest_route=\/wp\/v2\/posts"}],"about":[{"href":"https:\/\/sectorprensa.com.ar\/index.php?rest_route=\/wp\/v2\/types\/post"}],"author":[{"embeddable":true,"href":"https:\/\/sectorprensa.com.ar\/index.php?rest_route=\/wp\/v2\/users\/1"}],"replies":[{"embeddable":true,"href":"https:\/\/sectorprensa.com.ar\/index.php?rest_route=%2Fwp%2Fv2%2Fcomments&post=49643"}],"version-history":[{"count":1,"href":"https:\/\/sectorprensa.com.ar\/index.php?rest_route=\/wp\/v2\/posts\/49643\/revisions"}],"predecessor-version":[{"id":49645,"href":"https:\/\/sectorprensa.com.ar\/index.php?rest_route=\/wp\/v2\/posts\/49643\/revisions\/49645"}],"wp:featuredmedia":[{"embeddable":true,"href":"https:\/\/sectorprensa.com.ar\/index.php?rest_route=\/wp\/v2\/media\/49644"}],"wp:attachment":[{"href":"https:\/\/sectorprensa.com.ar\/index.php?rest_route=%2Fwp%2Fv2%2Fmedia&parent=49643"}],"wp:term":[{"taxonomy":"category","embeddable":true,"href":"https:\/\/sectorprensa.com.ar\/index.php?rest_route=%2Fwp%2Fv2%2Fcategories&post=49643"},{"taxonomy":"post_tag","embeddable":true,"href":"https:\/\/sectorprensa.com.ar\/index.php?rest_route=%2Fwp%2Fv2%2Ftags&post=49643"}],"curies":[{"name":"wp","href":"https:\/\/api.w.org\/{rel}","templated":true}]}}