{"id":49904,"date":"2022-11-24T06:15:00","date_gmt":"2022-11-24T06:15:00","guid":{"rendered":"https:\/\/sectorprensa.com.ar\/?p=49904"},"modified":"2022-11-23T19:39:50","modified_gmt":"2022-11-23T19:39:50","slug":"provincia-kicillof-cerro-el-seminario-del-instituto-de-capacitacion-politica","status":"publish","type":"post","link":"https:\/\/sectorprensa.com.ar\/?p=49904","title":{"rendered":"Provincia: Kicillof cerr\u00f3 el seminario del Instituto de Capacitaci\u00f3n Pol\u00edtica"},"content":{"rendered":"\n<h6 class=\"wp-block-heading\"><strong>Fue en&nbsp;la Facultad de Ciencias Jur\u00eddicas y Sociales de la UNLP junto al ministro Julio Alak.<\/strong><\/h6>\n\n\n\n<p>\u201cLa formaci\u00f3n pol\u00edtica tiene un papel fundamental para luchar contra la instalaci\u00f3n de un pensamiento \u00fanico: junto a la militancia, sirven para comprender el mundo y tener los instrumentos necesarios para transformarlo\u201d, expres\u00f3 el gobernador Axel Kicillof al encabezar el encuentro \u201cBuenos Aires. La hora del protagonismo\u201d, que dio cierre a un seminario organizado por el Instituto de Capacitaci\u00f3n Pol\u00edtica (ICP). Fue en el Sal\u00f3n de los Espejos de la Facultad de Ciencias Jur\u00eddicas y Sociales de la Universidad Nacional de La Plata (UNLP).<\/p>\n\n\n\n<p>En ese marco, Kicillof se\u00f1al\u00f3 que \u201cdesde algunos sectores buscan instalar como parte del sentido com\u00fan que la Argentina lleva 70 a\u00f1os de fracasos y muchas d\u00e9cadas de estancamiento\u201d. \u201cNecesitamos contraponer con hechos concretos y datos a esas premisas falsas que son utilizadas para inmovilizar a la sociedad y llevar adelante determinadas pol\u00edticas\u201d, agreg\u00f3.<\/p>\n\n\n\n<p>El seminario \u201cArgentina y la provincia de Buenos Aires frente a la pospandemia y la realidad pol\u00edtica internacional\u201d fue moderado por el ministro de Justicia y Derechos Humanos, Julio Alak, y el soci\u00f3logo Luis Alberto Quevedo. Dirigido a estudiantes universitarios, j\u00f3venes militantes y funcionarios, const\u00f3 anteriormente de tres charlas con las exposiciones del ex vicepresidente de Bolivia, \u00c1lvaro Garc\u00eda Linera; el ministro de Defensa, Jorge Taiana; y el gobernador de Chaco, Jorge Capitanich. Estos encuentros contaron con m\u00e1s de mil inscriptos que siguieron los encuentros de forma presencial y virtual, siendo el 80% de quienes lo hicieron por streaming habitantes de la provincia de Buenos Aires.<\/p>\n\n\n\n<p>\u201cEn 2003 empez\u00f3 un ciclo de 12 a\u00f1os que, tomando el conjunto, dieron cuenta de una tasa de crecimiento anual acumulativo de 4,4%, representando la etapa de mayor crecimiento desde 1910\u201d, sostuvo el Gobernador y valor\u00f3: \u201cAumentaron la producci\u00f3n, el empleo formal privado, los salarios y la cantidad de empresas, en tanto que se redujeron la desigualdad, la pobreza y el desempleo, que lleg\u00f3 a su punto m\u00e1s bajo en 2015\u201d.<\/p>\n\n\n\n<p>Adem\u00e1s, Kicillof subray\u00f3 que \u201cen 2002, la deuda externa representaba el 95,3% del producto, en tanto que en 2015 se hab\u00eda reducido al 12%: hab\u00edamos abordado el principal problema que la Argentina tuvo a lo largo de su historia\u201d. \u201cEsto fue acompa\u00f1ado por un proceso de reindustrializaci\u00f3n, conscientes de que un pa\u00eds con industria es un pa\u00eds donde hay mayor igualdad, empleo de calidad y generaci\u00f3n de valor agregado\u201d, remarc\u00f3.<\/p>\n\n\n\n<p>\u201cLuego de los resultados, est\u00e1 el debate en torno a las causas: frente a las evidencias, intentaron decir que hab\u00eda sido un rebote o un viento de cola por los precios internacionales de las exportaciones argentinas\u201d, sostuvo el mandatario bonaerense y explic\u00f3: \u201cLa verdadera causa fue que la pol\u00edtica utiliz\u00f3 al Estado como un instrumento para transformar la estructura econ\u00f3mica e impulsar un modelo de crecimiento sustentable, con medidas de ingresos en favor de los sectores populares\u201d.<\/p>\n\n\n\n<p>En tanto, Kicillof afirm\u00f3 que \u201cla p\u00e9rdida del super\u00e1vit comercial se debi\u00f3 a que YPF, en manos de una empresa extranjera, dej\u00f3 de producir gas y petr\u00f3leo en la Argentina\u201d. \u201cFaltaron divisas pero no porque estuviera agotada la industrializaci\u00f3n, sino que se acabaron los d\u00f3lares al dejar de producir petr\u00f3leo y gas, fue un problema de soberan\u00eda que se hab\u00eda generado anteriormente y que el Gobierno de Cristina Kirchner empez\u00f3 a resolver cuando tom\u00f3 la decisi\u00f3n de recuperar YPF\u201d, dijo y agreg\u00f3: \u201cNo alcanza con tener recursos naturales, lo central es ponerlos al servicio de la industria, el desarrollo nacional y el bienestar del pueblo\u201d.<\/p>\n\n\n\n<p>Por \u00faltimo, Kicillof resalt\u00f3 que \u201cdesde finales de 2015 cambi\u00f3 el patr\u00f3n econ\u00f3mico, con pol\u00edticas que llevaron hist\u00f3ricamente a la desindustrializaci\u00f3n y la p\u00e9rdida de derechos: la apertura importadora, la desregulaci\u00f3n financiera, la reducci\u00f3n de salarios, las tasas de inter\u00e9s elevadas y el recorte del gasto p\u00fablico\u201d. \u201cEn la Argentina hay dos modelos: uno que necesita del Estado para reconocer y ampliar derechos; y otro que utiliza al Estado para ponerlo al servicio de una minor\u00eda\u201d, indic\u00f3 y concluy\u00f3: \u201cSomos un pa\u00eds que quiere tener derecho al futuro: discutamos con datos, argumentos y con el coraz\u00f3n\u201d.<\/p>\n\n\n\n<p>Estuvieron presentes tambi\u00e9n el jefe de Asesores del Gobernador, Carlos Bianco; la ministra de las Mujeres, Pol\u00edticas de G\u00e9nero y Diversidad Sexual, Estela D\u00edaz; la presidenta del Instituto Cultural, Florencia Saintout; la vicepresidenta del \u00e1rea Institucional de la UNLP, Andrea Varela; el decano de la Facultad de Ciencias Jur\u00eddicas y Sociales de la UNLP, Miguel Berri; el vicedecano Hern\u00e1n G\u00f3mez; el presidente de Corredores Viales, Gonzalo Atanasof; la diputada provincial Luc\u00eda Ia\u00f1ez y los diputados Carlos Moreno, Ariel Archanco, Juan Mart\u00edn Malpeli y C\u00e9sar Valicenti; los intendentes de Navarro, Facundo Diz; y de Berisso, Fabi\u00e1n Cagliardi; dirigentes, concejales y concejalas de La Plata.<\/p>\n\n\n\n<figure class=\"wp-block-embed is-type-wp-embed is-provider-sector-prensa wp-block-embed-sector-prensa\"><div class=\"wp-block-embed__wrapper\">\n<blockquote class=\"wp-embedded-content\" data-secret=\"vXLc3kIAdR\"><a href=\"https:\/\/sectorprensa.com.ar\/2022\/11\/23\/provincia-el-programa-acercar-brindara-unidades-moviles-en-pueblos-bonaerenses-para-acceder-a-tramites\/\">Provincia: el programa &#8220;Acercar&#8221; brindar\u00e1 unidades m\u00f3viles en pueblos bonaerenses para acceder a tr\u00e1mites<\/a><\/blockquote><iframe loading=\"lazy\" class=\"wp-embedded-content\" sandbox=\"allow-scripts\" security=\"restricted\" style=\"position: absolute; clip: rect(1px, 1px, 1px, 1px);\" title=\"\u00abProvincia: el programa &#8220;Acercar&#8221; brindar\u00e1 unidades m\u00f3viles en pueblos bonaerenses para acceder a tr\u00e1mites\u00bb \u2014 Sector Prensa\" src=\"https:\/\/sectorprensa.com.ar\/2022\/11\/23\/provincia-el-programa-acercar-brindara-unidades-moviles-en-pueblos-bonaerenses-para-acceder-a-tramites\/embed\/#?secret=5O5wwvH7zk#?secret=vXLc3kIAdR\" data-secret=\"vXLc3kIAdR\" width=\"600\" height=\"338\" frameborder=\"0\" marginwidth=\"0\" marginheight=\"0\" scrolling=\"no\"><\/iframe>\n<\/div><\/figure>\n\r\n","protected":false},"excerpt":{"rendered":"<p>Fue en&nbsp;la Facultad de Ciencias Jur\u00eddicas y Sociales de la UNLP junto al ministro Julio Alak. \u201cLa formaci\u00f3n pol\u00edtica tiene<\/p>\n","protected":false},"author":1,"featured_media":49905,"comment_status":"closed","ping_status":"closed","sticky":false,"template":"","format":"standard","meta":{"colormag_page_container_layout":"default_layout","colormag_page_sidebar_layout":"default_layout","footnotes":""},"categories":[17,8,18,10],"tags":[3337,7215,7214,4697,7213],"class_list":["post-49904","post","type-post","status-publish","format-standard","has-post-thumbnail","hentry","category-destacadas","category-politica","category-provincia","category-sociedad","tag-axel-kicillof","tag-icp","tag-instituto-de-capacitacion-politica","tag-julio-alak","tag-seminario"],"_links":{"self":[{"href":"https:\/\/sectorprensa.com.ar\/index.php?rest_route=\/wp\/v2\/posts\/49904","targetHints":{"allow":["GET"]}}],"collection":[{"href":"https:\/\/sectorprensa.com.ar\/index.php?rest_route=\/wp\/v2\/posts"}],"about":[{"href":"https:\/\/sectorprensa.com.ar\/index.php?rest_route=\/wp\/v2\/types\/post"}],"author":[{"embeddable":true,"href":"https:\/\/sectorprensa.com.ar\/index.php?rest_route=\/wp\/v2\/users\/1"}],"replies":[{"embeddable":true,"href":"https:\/\/sectorprensa.com.ar\/index.php?rest_route=%2Fwp%2Fv2%2Fcomments&post=49904"}],"version-history":[{"count":2,"href":"https:\/\/sectorprensa.com.ar\/index.php?rest_route=\/wp\/v2\/posts\/49904\/revisions"}],"predecessor-version":[{"id":49918,"href":"https:\/\/sectorprensa.com.ar\/index.php?rest_route=\/wp\/v2\/posts\/49904\/revisions\/49918"}],"wp:featuredmedia":[{"embeddable":true,"href":"https:\/\/sectorprensa.com.ar\/index.php?rest_route=\/wp\/v2\/media\/49905"}],"wp:attachment":[{"href":"https:\/\/sectorprensa.com.ar\/index.php?rest_route=%2Fwp%2Fv2%2Fmedia&parent=49904"}],"wp:term":[{"taxonomy":"category","embeddable":true,"href":"https:\/\/sectorprensa.com.ar\/index.php?rest_route=%2Fwp%2Fv2%2Fcategories&post=49904"},{"taxonomy":"post_tag","embeddable":true,"href":"https:\/\/sectorprensa.com.ar\/index.php?rest_route=%2Fwp%2Fv2%2Ftags&post=49904"}],"curies":[{"name":"wp","href":"https:\/\/api.w.org\/{rel}","templated":true}]}}