{"id":49985,"date":"2022-11-28T06:15:00","date_gmt":"2022-11-28T06:15:00","guid":{"rendered":"https:\/\/sectorprensa.com.ar\/?p=49985"},"modified":"2022-11-28T12:48:33","modified_gmt":"2022-11-28T12:48:33","slug":"kicillof-me-tienen-un-poco-podrido-con-esa-mentira-de-que-soltamos-presos","status":"publish","type":"post","link":"https:\/\/sectorprensa.com.ar\/?p=49985","title":{"rendered":"Kicillof: \u00abMe tienen un poco podrido con esa mentira de que soltamos presos\u00bb"},"content":{"rendered":"\n<h6 class=\"wp-block-heading\"><strong>El gobernador bonaerense record\u00f3 que el Ejecutivo no tiene la \u201cpotestad\u201d de definir qui\u00e9n entra o qui\u00e9n sale de la prisi\u00f3n. Fue al presentar las obras que completar\u00e1n las 12 mil nuevas plazas en c\u00e1rceles y alcaid\u00edas.<\/strong><\/h6>\n\n\n\n<p>El gobernador bonaerense,&nbsp;Axel Kicillof, encabez\u00f3 el viernes el acto de lanzamiento de la tercera etapa del Plan de Infraestructura Penitenciaria, con la que se completar\u00e1n 12 mil nuevas plazas en c\u00e1rceles y alcaid\u00edas bonaerenses.<\/p>\n\n\n\n<p>Fue en el Sal\u00f3n Dorado de la Casa de Gobierno, junto al ministro de Justicia y Derechos Humanos,&nbsp;Julio Alak, y el secretario de Obras P\u00fablicas de la Naci\u00f3n,&nbsp;Carlos Rodr\u00edguez, marco que el mandatario aprovech\u00f3 para ponderar las mejoras en el Servicio Penitenciario y salir al cruce de la \u201cmentira\u201d de \u201csoltar presos\u201d.<\/p>\n\n\n\n<p>\u201cCuando asumimos, la Provincia ten\u00eda muchas dificultades en materia de educaci\u00f3n, salud y vialidad, agravadas por el enorme endeudamiento externo que se hab\u00eda asumido y que resultaba impagable\u201d, record\u00f3 Kicillof.<\/p>\n\n\n\n<p>Asimismo, sostuvo que \u201chab\u00eda otra deuda que estaba oculta: la de las obras que se paralizaron o no se emprendieron y que eran imperiosas para mejorar la calidad de vida de nuestro pueblo\u201d.<\/p>\n\n\n\n<p>En ese sentido, puntualiz\u00f3 que \u201cdurante los cuatro a\u00f1os anteriores, se increment\u00f3 en 16 mil el n\u00famero de internos del servicio penitenciario, pero solo se construyeron mil plazas para alojarlos\u201d.<\/p>\n\n\n\n<p>\u201cEsto gener\u00f3 una situaci\u00f3n de hacinamiento y promovi\u00f3 un aumento de la reincidencia en el delito, que lleg\u00f3 al 46 %\u201d, detall\u00f3, para luego dar cuenta que \u201cabordamos una bater\u00eda de medidas de fondo que permitiera que el tr\u00e1nsito por las c\u00e1rceles no se hiciera en condiciones infrahumanas, que es el primer paso para disminuir la reincidencia\u201d.<\/p>\n\n\n\n<figure class=\"wp-block-embed is-type-rich is-provider-twitter wp-block-embed-twitter\"><div class=\"wp-block-embed__wrapper\">\n<blockquote class=\"twitter-tweet\" data-width=\"550\" data-dnt=\"true\"><p lang=\"es\" dir=\"ltr\">Las mismas contar\u00e1n con escuelas, centros de capacitaci\u00f3n laboral y polos de producci\u00f3n industrial, para fomentar la cultura del trabajo, favorecer la inclusi\u00f3n social y reducir la reincidencia. <a href=\"https:\/\/t.co\/QWOTvd2Nd3\">pic.twitter.com\/QWOTvd2Nd3<\/a><\/p>&mdash; Julio Alak (@Julio_Alak) <a href=\"https:\/\/twitter.com\/Julio_Alak\/status\/1596176499106672640?ref_src=twsrc%5Etfw\">November 25, 2022<\/a><\/blockquote><script async src=\"https:\/\/platform.twitter.com\/widgets.js\" charset=\"utf-8\"><\/script>\n<\/div><\/figure>\n\n\n\n<p>\u201cEl hecho de que quienes hayan cumplido sus penas no vuelvan a cometer delitos es un tema de seguridad ciudadana\u201d, indic\u00f3.<\/p>\n\n\n\n<p>En otro tramo de su mensaje, Kicillof exclam\u00f3: \u201cquien es gobernador o gobernadora no decide qui\u00e9n entra o quien sale de la c\u00e1rcel. Lo vuelvo a decir porque me tienen un poco podrido con esto de que soltamos presos. Hacer pol\u00edtica todos los d\u00edas con mentiras, acusaciones, inventos, ya cansa\u201d.<\/p>\n\n\n\n<p>\u201cNo tenemos esa potestad, depende de otros factores. La obligaci\u00f3n que s\u00ed tenemos, es que dada la cantidad de internos que est\u00e1n cumpliendo su condena, el Gobierno bonaerense tiene que darles el alojamiento. Desde que un juez resuelve encarcelar a alguien hasta que resuelve liberarlo est\u00e1 bajo responsabilidad de nuestro servicio penitenciario, el m\u00e1s grande de Argentina, lejos y el tercero m\u00e1s grande de Latinoam\u00e9rica\u201d, anex\u00f3.<\/p>\n\n\n\n<p>\u201cCuando decimos que hay que hablar en serio de la seguridad ciudadana, nos referimos a contar con un Estado que invierte, planifica y construye unidades penitenciarias y alcaid\u00edas, terminando tambi\u00e9n con las condiciones precarias de detenci\u00f3n en comisar\u00edas. Siempre se dice que las c\u00e1rceles son universidades del delito, nosotros las estamos convirtiendo en \u00e1mbitos para la reinserci\u00f3n social\u201d, cerr\u00f3.<\/p>\n\n\n\n<figure class=\"wp-block-embed is-type-rich is-provider-twitter wp-block-embed-twitter\"><div class=\"wp-block-embed__wrapper\">\n<blockquote class=\"twitter-tweet\" data-width=\"550\" data-dnt=\"true\"><p lang=\"es\" dir=\"ltr\">Un hito in\u00e9dito por la magnitud de las obras, realizadas de acuerdo al paradigma de tratamiento en el contexto de encierro del Programa Nacional de las Naciones Unidas (PNUD) y la Reglas Mandela.<\/p>&mdash; Julio Alak (@Julio_Alak) <a href=\"https:\/\/twitter.com\/Julio_Alak\/status\/1596176515716227075?ref_src=twsrc%5Etfw\">November 25, 2022<\/a><\/blockquote><script async src=\"https:\/\/platform.twitter.com\/widgets.js\" charset=\"utf-8\"><\/script>\n<\/div><\/figure>\n\n\n\n<p>Esta tercera etapa, en conjunto con el Gobierno Nacional, permitir\u00e1 construir 5.500 nuevas plazas en unidades penitenciarias de Florencio Varela, Moreno, Mercedes y Melchor Romero, y en las alcaid\u00edas de Ezeiza, Quilmes, Lan\u00fas, La Matanza, Tres de Febrero, Moreno y Tigre.<\/p>\n\n\n\n<p>En tanto, Alak sostuvo que \u201ccon el apoyo de las y los intendentes estamos generando un cambio cultural en el que las nuevas plazas se construyen en el conurbano bonaerense, con el objetivo de sostener el v\u00ednculo familiar de los internos, que es fundamental para bajar la reincidencia\u201d.<\/p>\n\n\n\n<p>Estas nuevas plazas se sumar\u00e1n a las 2.436 que ya se construyeron en una primera instancia: se inauguraron la unidad 58 de Lomas de Zamora y la alcaid\u00eda de Florencio Varela; se ampliaron las unidades 28 de Magdalena; 23, 24, 32 y 54 de Florencio Varela; 47 de San Mart\u00edn; 26 de Olmos; y 21 de Campana; y se duplicaron las capacidades de las alcaid\u00edas Pettinato y Campana. A esto se sum\u00f3, adem\u00e1s, la puesta en funcionamiento de 15 hospitales.<\/p>\n\n\n\n<p>Con la segunda etapa del plan se est\u00e1n terminando de construir 4.100 espacios que se inaugurar\u00e1n cada 15 d\u00edas a partir del 10 de diciembre de 2022. Abarca las unidades penitenciarias 59 y 60 de Merlo; y las alcaid\u00edas de Almirante Brown, Berazategui, Lomas de Zamora, La Matanza, Melchor Romero y Escobar.<\/p>\n\n\n\n<p>Por su parte, Rodr\u00edguez asegur\u00f3 que \u201cse trata de uno de los conjuntos de obras p\u00fablicas m\u00e1s importantes que se est\u00e1n llevando adelante en el pa\u00eds, con la mirada puesta en la mejora de las condiciones de vida de los internos y el cumplimiento de los Derechos Humanos\u201d.<\/p>\n\n\n\n<p>Con estos proyectos, se abordan un total de 40 obras que incluyen tambi\u00e9n la ampliaci\u00f3n de la escuela de oficiales y la construcci\u00f3n de un nuevo centro de monitoreo. El plan se lleva a cabo siguiendo el paradigma de tratamiento en contextos de encierro del Programa Nacional de las Naciones Unidas (PNUD), promoviendo la creaci\u00f3n de escuelas, centros de capacitaci\u00f3n y polos de producci\u00f3n industrial para fomentar el trabajo y promover la inclusi\u00f3n social, con el objeto de reducir los \u00edndices de reincidencia.<\/p>\n\n\n\n<p>Durante el acto, el Ministerio de Justicia y Derechos Humanos firm\u00f3 un acta de cooperaci\u00f3n, asistencia t\u00e9cnica y reciprocidad para el desarrollo de acciones penitenciarias y post penitenciarias con el objeto de fortalecer la reinserci\u00f3n social.<\/p>\n\n\n\n<p>Suscribieron la intendenta de Quilmes,&nbsp;Mayra Mendoza; y los intendentes de La Matanza,&nbsp;Fernando Espinoza; de Florencio Varela,&nbsp;Andr\u00e9s Watson; de Mercedes,&nbsp;Juan Ustarroz; de Tigre, Julio Zamora; de Ezeiza,&nbsp;Gast\u00f3n Granados; y de Almirante Brown, Juan Jos\u00e9 Fabiani; el jefe de Gabinete de Lan\u00fas,&nbsp;Diego Kravetz; los secretarios de Gobierno de Hurlingham,&nbsp;Pablo del Valle; y de Justicia y Derechos Humanos de Moreno,&nbsp;Nahuel Berguier; el subsecretario de Legal y T\u00e9cnica de Escobar,&nbsp;Nicol\u00e1s Gaytan; la subsecretaria de Legal y T\u00e9cnica de Tres de Febrero,&nbsp;Lorena Campanari&nbsp;y el arquitecto de la Secretar\u00eda de Obras P\u00fablicas de Berazategui,&nbsp;Alejandro Qui\u00f1ones.<\/p>\n\n\n\n<figure class=\"wp-block-embed is-type-wp-embed is-provider-sector-prensa wp-block-embed-sector-prensa\"><div class=\"wp-block-embed__wrapper\">\n<blockquote class=\"wp-embedded-content\" data-secret=\"UyV1lTmJ35\"><a href=\"https:\/\/sectorprensa.com.ar\/2022\/11\/24\/hospital-posadas-continuan-las-protestas-de-los-trabajadores\/\">Hospital Posadas: contin\u00faan las protestas de los trabajadores<\/a><\/blockquote><iframe loading=\"lazy\" class=\"wp-embedded-content\" sandbox=\"allow-scripts\" security=\"restricted\" style=\"position: absolute; clip: rect(1px, 1px, 1px, 1px);\" title=\"\u00abHospital Posadas: contin\u00faan las protestas de los trabajadores\u00bb \u2014 Sector Prensa\" src=\"https:\/\/sectorprensa.com.ar\/2022\/11\/24\/hospital-posadas-continuan-las-protestas-de-los-trabajadores\/embed\/#?secret=zttY6Q05rJ#?secret=UyV1lTmJ35\" data-secret=\"UyV1lTmJ35\" width=\"600\" height=\"338\" frameborder=\"0\" marginwidth=\"0\" marginheight=\"0\" scrolling=\"no\"><\/iframe>\n<\/div><\/figure>\n\r\n","protected":false},"excerpt":{"rendered":"<p>El gobernador bonaerense record\u00f3 que el Ejecutivo no tiene la \u201cpotestad\u201d de definir qui\u00e9n entra o qui\u00e9n sale de la<\/p>\n","protected":false},"author":1,"featured_media":49986,"comment_status":"closed","ping_status":"closed","sticky":false,"template":"","format":"standard","meta":{"colormag_page_container_layout":"default_layout","colormag_page_sidebar_layout":"default_layout","footnotes":""},"categories":[17,8,18,10],"tags":[6780,3337,3408,4697],"class_list":["post-49985","post","type-post","status-publish","format-standard","has-post-thumbnail","hentry","category-destacadas","category-politica","category-provincia","category-sociedad","tag-alcaidia","tag-axel-kicillof","tag-carceles","tag-julio-alak"],"_links":{"self":[{"href":"https:\/\/sectorprensa.com.ar\/index.php?rest_route=\/wp\/v2\/posts\/49985","targetHints":{"allow":["GET"]}}],"collection":[{"href":"https:\/\/sectorprensa.com.ar\/index.php?rest_route=\/wp\/v2\/posts"}],"about":[{"href":"https:\/\/sectorprensa.com.ar\/index.php?rest_route=\/wp\/v2\/types\/post"}],"author":[{"embeddable":true,"href":"https:\/\/sectorprensa.com.ar\/index.php?rest_route=\/wp\/v2\/users\/1"}],"replies":[{"embeddable":true,"href":"https:\/\/sectorprensa.com.ar\/index.php?rest_route=%2Fwp%2Fv2%2Fcomments&post=49985"}],"version-history":[{"count":2,"href":"https:\/\/sectorprensa.com.ar\/index.php?rest_route=\/wp\/v2\/posts\/49985\/revisions"}],"predecessor-version":[{"id":50032,"href":"https:\/\/sectorprensa.com.ar\/index.php?rest_route=\/wp\/v2\/posts\/49985\/revisions\/50032"}],"wp:featuredmedia":[{"embeddable":true,"href":"https:\/\/sectorprensa.com.ar\/index.php?rest_route=\/wp\/v2\/media\/49986"}],"wp:attachment":[{"href":"https:\/\/sectorprensa.com.ar\/index.php?rest_route=%2Fwp%2Fv2%2Fmedia&parent=49985"}],"wp:term":[{"taxonomy":"category","embeddable":true,"href":"https:\/\/sectorprensa.com.ar\/index.php?rest_route=%2Fwp%2Fv2%2Fcategories&post=49985"},{"taxonomy":"post_tag","embeddable":true,"href":"https:\/\/sectorprensa.com.ar\/index.php?rest_route=%2Fwp%2Fv2%2Ftags&post=49985"}],"curies":[{"name":"wp","href":"https:\/\/api.w.org\/{rel}","templated":true}]}}