{"id":49988,"date":"2022-11-25T22:26:31","date_gmt":"2022-11-25T22:26:31","guid":{"rendered":"https:\/\/sectorprensa.com.ar\/?p=49988"},"modified":"2022-11-25T22:29:33","modified_gmt":"2022-11-25T22:29:33","slug":"qatar-2022-el-dueno-de-casa-es-el-primer-eliminado","status":"publish","type":"post","link":"https:\/\/sectorprensa.com.ar\/?p=49988","title":{"rendered":"Qatar 2022: El due\u00f1o de casa es el primer eliminado"},"content":{"rendered":"\n<h6 class=\"wp-block-heading\"><strong>El seleccionado de Qatar volvi\u00f3 a perder y se despidi\u00f3 de la Copa del Mundo que organiza. Adem\u00e1s, gan\u00f3 Ir\u00e1n, Ecuador y Pa\u00edses Bajos igualaron en uno, mientras que Inglaterra y USA en cero.<\/strong><\/h6>\n\n\n\n<p>Qatar se convirti\u00f3 en el primer eliminado de la Copa del Mundo. El combinado local cay\u00f3 1-3 ante Senegal que lo derrot\u00f3 con goles de Dia, Diedhiou y Dieng. Muntari marc\u00f3 el primer gol de los qatar\u00edes en la historia de los mundiales.<\/p>\n\n\n\n<figure class=\"wp-block-embed is-type-video is-provider-youtube wp-block-embed-youtube wp-embed-aspect-16-9 wp-has-aspect-ratio\"><div class=\"wp-block-embed__wrapper\">\n<iframe loading=\"lazy\" title=\"Qatar 1 - 3 Senegal: Resumen del partido - Qatar 2022\" width=\"800\" height=\"450\" src=\"https:\/\/www.youtube.com\/embed\/Vu7b9E8QPM0?feature=oembed\" frameborder=\"0\" allow=\"accelerometer; autoplay; clipboard-write; encrypted-media; gyroscope; picture-in-picture\" allowfullscreen><\/iframe>\n<\/div><\/figure>\n\n\n\n<p><strong>Ecuador sigue sorprendiendo<\/strong><\/p>\n\n\n\n<p>El seleccionado que conduce Gustavo Alfaro empat\u00f3 1-1 ante Pa\u00edses Bajos y ya suma cuatro puntos en el grupo A, zona que lidera. Gakpo, aventaj\u00f3 a los neerlandeses en el comienzo del primer tiempo, mientras que Enner Valencia empat\u00f3 para los sudamericanos en el arranca de la parte final.<\/p>\n\n\n\n<figure class=\"wp-block-embed is-type-video is-provider-youtube wp-block-embed-youtube wp-embed-aspect-16-9 wp-has-aspect-ratio\"><div class=\"wp-block-embed__wrapper\">\n<iframe loading=\"lazy\" title=\"PA\u00cdSES BAJOS vs ECUADOR | MUNDIAL de QATAR 2022 \u26bd\ufe0f Resumen del partido\" width=\"800\" height=\"450\" src=\"https:\/\/www.youtube.com\/embed\/6FKEhIflVTw?feature=oembed\" frameborder=\"0\" allow=\"accelerometer; autoplay; clipboard-write; encrypted-media; gyroscope; picture-in-picture\" allowfullscreen><\/iframe>\n<\/div><\/figure>\n\n\n\n<p><strong>Inglaterra y Estados Unidos repartieron puntos<\/strong><\/p>\n\n\n\n<p>En el encuentro que cerr\u00f3 la segunda fecha del grupo B, los brit\u00e1nicos y USA igualaron 0-0. Inglaterra lidera la zona, mientras que los estadounidenses sigan en la \u00faltima fecha pasan a octavos de final.<\/p>\n\n\n\n<figure class=\"wp-block-embed is-type-video is-provider-youtube wp-block-embed-youtube wp-embed-aspect-16-9 wp-has-aspect-ratio\"><div class=\"wp-block-embed__wrapper\">\n<iframe loading=\"lazy\" title=\"Inglaterra 0-0 Estados Unidos: Resumen del partido - Qatar 2022\" width=\"800\" height=\"450\" src=\"https:\/\/www.youtube.com\/embed\/b0hSUoeiFQ4?feature=oembed\" frameborder=\"0\" allow=\"accelerometer; autoplay; clipboard-write; encrypted-media; gyroscope; picture-in-picture\" allowfullscreen><\/iframe>\n<\/div><\/figure>\n\n\n\n<p><strong>Ir\u00e1n se recuper\u00f3 de la paliza inglesa y tiene chances de clasificar<\/strong><\/p>\n\n\n\n<p>Tras caer por goleada en la primera fecha contra Inglaterra, Ir\u00e1n dio la nota y derrot\u00f3 2-0 a Gales con goles de Cheshmi y Rezaeian en el final del partido. Los iran\u00edes se juegan todo en la \u00faltima jornada ante USA (si ganan clasifican), mientras que los galeses cierran ante Inglaterra, con m\u00ednimas chances de pasar.<\/p>\n\n\n\n<figure class=\"wp-block-embed is-type-video is-provider-youtube wp-block-embed-youtube wp-embed-aspect-16-9 wp-has-aspect-ratio\"><div class=\"wp-block-embed__wrapper\">\n<iframe loading=\"lazy\" title=\"GALES vs IR\u00c1N | MUNDIAL de QATAR 2022 \u26bd\ufe0f Resumen del partido\" width=\"800\" height=\"450\" src=\"https:\/\/www.youtube.com\/embed\/dpCm3nV-TuU?start=108&#038;feature=oembed\" frameborder=\"0\" allow=\"accelerometer; autoplay; clipboard-write; encrypted-media; gyroscope; picture-in-picture\" allowfullscreen><\/iframe>\n<\/div><\/figure>\n\r\n","protected":false},"excerpt":{"rendered":"<p>El seleccionado de Qatar volvi\u00f3 a perder y se despidi\u00f3 de la Copa del Mundo que organiza. Adem\u00e1s, gan\u00f3 Ir\u00e1n,<\/p>\n","protected":false},"author":1,"featured_media":49993,"comment_status":"closed","ping_status":"closed","sticky":false,"template":"","format":"standard","meta":{"colormag_page_container_layout":"default_layout","colormag_page_sidebar_layout":"default_layout","footnotes":""},"categories":[11,17,1790],"tags":[6283],"class_list":["post-49988","post","type-post","status-publish","format-standard","has-post-thumbnail","hentry","category-deportes","category-destacadas","category-sp-mundial","tag-qatar-2022"],"_links":{"self":[{"href":"https:\/\/sectorprensa.com.ar\/index.php?rest_route=\/wp\/v2\/posts\/49988","targetHints":{"allow":["GET"]}}],"collection":[{"href":"https:\/\/sectorprensa.com.ar\/index.php?rest_route=\/wp\/v2\/posts"}],"about":[{"href":"https:\/\/sectorprensa.com.ar\/index.php?rest_route=\/wp\/v2\/types\/post"}],"author":[{"embeddable":true,"href":"https:\/\/sectorprensa.com.ar\/index.php?rest_route=\/wp\/v2\/users\/1"}],"replies":[{"embeddable":true,"href":"https:\/\/sectorprensa.com.ar\/index.php?rest_route=%2Fwp%2Fv2%2Fcomments&post=49988"}],"version-history":[{"count":2,"href":"https:\/\/sectorprensa.com.ar\/index.php?rest_route=\/wp\/v2\/posts\/49988\/revisions"}],"predecessor-version":[{"id":49996,"href":"https:\/\/sectorprensa.com.ar\/index.php?rest_route=\/wp\/v2\/posts\/49988\/revisions\/49996"}],"wp:featuredmedia":[{"embeddable":true,"href":"https:\/\/sectorprensa.com.ar\/index.php?rest_route=\/wp\/v2\/media\/49993"}],"wp:attachment":[{"href":"https:\/\/sectorprensa.com.ar\/index.php?rest_route=%2Fwp%2Fv2%2Fmedia&parent=49988"}],"wp:term":[{"taxonomy":"category","embeddable":true,"href":"https:\/\/sectorprensa.com.ar\/index.php?rest_route=%2Fwp%2Fv2%2Fcategories&post=49988"},{"taxonomy":"post_tag","embeddable":true,"href":"https:\/\/sectorprensa.com.ar\/index.php?rest_route=%2Fwp%2Fv2%2Ftags&post=49988"}],"curies":[{"name":"wp","href":"https:\/\/api.w.org\/{rel}","templated":true}]}}