{"id":50042,"date":"2022-11-28T14:35:00","date_gmt":"2022-11-28T14:35:00","guid":{"rendered":"https:\/\/sectorprensa.com.ar\/?p=50042"},"modified":"2022-11-28T17:36:09","modified_gmt":"2022-11-28T17:36:09","slug":"merlo-tercer-encuentro-interreligioso-politico-y-social","status":"publish","type":"post","link":"https:\/\/sectorprensa.com.ar\/?p=50042","title":{"rendered":"Merlo: tercer encuentro interreligioso, pol\u00edtico y social"},"content":{"rendered":"\n<h6 class=\"wp-block-heading\"><strong>El mismo fue organizado por el gobierno local y la Direcci\u00f3n de Culto. Participaron autoridades municipales, comunidades religiosas y organizaciones pol\u00edticas y sociales.<\/strong><\/h6>\n\n\n\n<p>En La Usina, en la localidad de Libertad, se llev\u00f3 a cabo el tercer encuentro interreligioso, pol\u00edtico y social. El objetivo de la actividad fue aportar la mirada de las distintas religiones y organizaciones pol\u00edtico-sociales de Merlo en vistas a la Argentina del siglo 21. La consigna del evento fue \u201cHacia la cultura del di\u00e1logo como camino, la colaboraci\u00f3n com\u00fan como conducta, el conocimiento rec\u00edproco como m\u00e9todo y criterio\u201d, donde se vieron mesas de exposici\u00f3n sobre temas sociales actuales.<\/p>\n\n\n\n<p>\u201cLos puntos en com\u00fan de esta jornada fueron el encuentro, la fe, el amor, la libertad y la democracia; todo lo que a un pa\u00eds lo involucra para poder tener esa Argentina que queremos todos y todas\u201d, expres\u00f3 Karina Men\u00e9ndez, la Intendenta de Merlo. \u00abEs muy dif\u00edcil unir a todas las religiones y credos con los sectores pol\u00edticos y sociales, por eso, este encuentro fue la conclusi\u00f3n del trabajo que desde la Direcci\u00f3n de Culto de Merlo hicieron durante el a\u00f1o\u201d, sostuvo.<\/p>\n\n\n\n<p>\u201cTodos los que tuvieron la posibilidad de participar hoy volver\u00e1n con un coraz\u00f3n diferente a sus casas y con m\u00e1s ganas de trabajar las cuestiones importantes que tiene nuestra sociedad, para generar m\u00e1s igualdad y m\u00e1s respeto por el otro, por las ideas y por la vida; y que cada uno de nosotros aprendamos a cuidar nuestra casa com\u00fan, como nos pide el Papa Francisco\u201d, manifest\u00f3 Gustavo Men\u00e9ndez, Presidente del Grupo Provincia.<\/p>\n\n\n\n<p>El Secretario de Culto de la Naci\u00f3n, Guillermo Olivieri declar\u00f3: \u201cEl Estado respeta las diferentes creencias religiosas y los diferentes credos para poder colaborar y trabajar en conjunto. Porque en momentos dif\u00edciles las iglesias ponen todo a disposici\u00f3n. Por eso, esta iniciativa del Gobierno Municipal me parece excelente y necesaria. Es un contacto personal que hace que uno se acerque m\u00e1s\u201d.<\/p>\n\n\n\n<p>\u00ab<\/p>\n\n\n\n<p>Se han tocado temas como la educaci\u00f3n, el trabajo, el techo y la vivienda, que van de la mano con la religi\u00f3n, la pol\u00edtica y lo social. La Intendencia Men\u00e9ndez acompa\u00f1a el trabajo que hacemos desde la Direcci\u00f3n de Culto, y acompa\u00f1a, adem\u00e1s, a los distintos credos y confesiones religiosas, no solo desde lo institucional sino tambi\u00e9n desde el trabajo social, para la hermandad de ayudar a los que m\u00e1s necesitan\u201d, concluy\u00f3 Paolo Cavallaro, Director de Culto.<\/p>\n\n\n\n<figure class=\"wp-block-embed is-type-wp-embed is-provider-sector-prensa wp-block-embed-sector-prensa\"><div class=\"wp-block-embed__wrapper\">\n<blockquote class=\"wp-embedded-content\" data-secret=\"RZbaNUGEZG\"><a href=\"https:\/\/sectorprensa.com.ar\/2022\/11\/26\/merlo-los-nuevos-dt-merlenses-recibieron-sus-diplomas\/\">Merlo: los nuevos DT merlenses recibieron sus diplomas<\/a><\/blockquote><iframe loading=\"lazy\" class=\"wp-embedded-content\" sandbox=\"allow-scripts\" security=\"restricted\" style=\"position: absolute; clip: rect(1px, 1px, 1px, 1px);\" title=\"\u00abMerlo: los nuevos DT merlenses recibieron sus diplomas\u00bb \u2014 Sector Prensa\" src=\"https:\/\/sectorprensa.com.ar\/2022\/11\/26\/merlo-los-nuevos-dt-merlenses-recibieron-sus-diplomas\/embed\/#?secret=QWNevV3KFo#?secret=RZbaNUGEZG\" data-secret=\"RZbaNUGEZG\" width=\"600\" height=\"338\" frameborder=\"0\" marginwidth=\"0\" marginheight=\"0\" scrolling=\"no\"><\/iframe>\n<\/div><\/figure>\n\r\n","protected":false},"excerpt":{"rendered":"<p>El mismo fue organizado por el gobierno local y la Direcci\u00f3n de Culto. Participaron autoridades municipales, comunidades religiosas y organizaciones<\/p>\n","protected":false},"author":1,"featured_media":50046,"comment_status":"closed","ping_status":"closed","sticky":false,"template":"","format":"standard","meta":{"colormag_page_container_layout":"default_layout","colormag_page_sidebar_layout":"default_layout","footnotes":""},"categories":[17,7],"tags":[7234,25],"class_list":["post-50042","post","type-post","status-publish","format-standard","has-post-thumbnail","hentry","category-destacadas","category-merlo","tag-encuentro-interreligioso-politico-y-social","tag-merlo"],"_links":{"self":[{"href":"https:\/\/sectorprensa.com.ar\/index.php?rest_route=\/wp\/v2\/posts\/50042","targetHints":{"allow":["GET"]}}],"collection":[{"href":"https:\/\/sectorprensa.com.ar\/index.php?rest_route=\/wp\/v2\/posts"}],"about":[{"href":"https:\/\/sectorprensa.com.ar\/index.php?rest_route=\/wp\/v2\/types\/post"}],"author":[{"embeddable":true,"href":"https:\/\/sectorprensa.com.ar\/index.php?rest_route=\/wp\/v2\/users\/1"}],"replies":[{"embeddable":true,"href":"https:\/\/sectorprensa.com.ar\/index.php?rest_route=%2Fwp%2Fv2%2Fcomments&post=50042"}],"version-history":[{"count":1,"href":"https:\/\/sectorprensa.com.ar\/index.php?rest_route=\/wp\/v2\/posts\/50042\/revisions"}],"predecessor-version":[{"id":50047,"href":"https:\/\/sectorprensa.com.ar\/index.php?rest_route=\/wp\/v2\/posts\/50042\/revisions\/50047"}],"wp:featuredmedia":[{"embeddable":true,"href":"https:\/\/sectorprensa.com.ar\/index.php?rest_route=\/wp\/v2\/media\/50046"}],"wp:attachment":[{"href":"https:\/\/sectorprensa.com.ar\/index.php?rest_route=%2Fwp%2Fv2%2Fmedia&parent=50042"}],"wp:term":[{"taxonomy":"category","embeddable":true,"href":"https:\/\/sectorprensa.com.ar\/index.php?rest_route=%2Fwp%2Fv2%2Fcategories&post=50042"},{"taxonomy":"post_tag","embeddable":true,"href":"https:\/\/sectorprensa.com.ar\/index.php?rest_route=%2Fwp%2Fv2%2Ftags&post=50042"}],"curies":[{"name":"wp","href":"https:\/\/api.w.org\/{rel}","templated":true}]}}