{"id":50271,"date":"2022-12-07T15:40:50","date_gmt":"2022-12-07T15:40:50","guid":{"rendered":"https:\/\/sectorprensa.com.ar\/?p=50271"},"modified":"2022-12-07T19:13:18","modified_gmt":"2022-12-07T19:13:18","slug":"intendentes-del-oeste-apoyaron-a-cristina-kirchner-tras-la-condena","status":"publish","type":"post","link":"https:\/\/sectorprensa.com.ar\/?p=50271","title":{"rendered":"Intendentes del oeste apoyaron a Cristina Kirchner tras la condena"},"content":{"rendered":"\n<h6 class=\"wp-block-heading\"><strong>La mayor\u00eda coincidi\u00f3 en que la \u201ccondena fue contra la Democracia y contra el pueblo argentino\u201d. Mir\u00e1 lo que escribieron.<\/strong><\/h6>\n\n\n\n<p>Los intendentes del oeste apoyaron p\u00fablicamente a la vicepresidenta de la Naci\u00f3n, Cristina Fern\u00e1ndez de Kirchner, luego de la condena que recibi\u00f3 por administraci\u00f3n fraudulenta en perjuicio de la administraci\u00f3n p\u00fablica con la obra p\u00fablica en Santa Cruz.<\/p>\n\n\n\n<p>Karina Men\u00e9ndez, intendenta de Merlo, asegur\u00f3: \u201cPersiguen a Cristina, buscan condenarla, pero lo que quieren es condenar a nuestro Pueblo. No quieren que so\u00f1emos con que podemos vivir mejor. Siempre con vos\u201d.<\/p>\n\n\n\n<figure class=\"wp-block-embed is-type-rich is-provider-twitter wp-block-embed-twitter\"><div class=\"wp-block-embed__wrapper\">\n<blockquote class=\"twitter-tweet\" data-width=\"550\" data-dnt=\"true\"><p lang=\"es\" dir=\"ltr\">Persiguen a Cristina, buscan condenarla, pero lo que quieren es condenar a nuestro Pueblo.<br><br>No quieren que so\u00f1emos con que podemos vivir mejor.<br><br>Siempre con vos <a href=\"https:\/\/twitter.com\/CFKArgentina?ref_src=twsrc%5Etfw\">@CFKArgentina<\/a> <a href=\"https:\/\/t.co\/7jaeFPBHz8\">pic.twitter.com\/7jaeFPBHz8<\/a><\/p>&mdash; Karina Men\u00e9ndez (@KarinaMenendez0) <a href=\"https:\/\/twitter.com\/KarinaMenendez0\/status\/1600236136651423745?ref_src=twsrc%5Etfw\">December 6, 2022<\/a><\/blockquote><script async src=\"https:\/\/platform.twitter.com\/widgets.js\" charset=\"utf-8\"><\/script>\n<\/div><\/figure>\n\n\n\n<p>Por su parte, el intendente de Mor\u00f3n, Lucas Ghi, comparti\u00f3 un comunicado de Nuevo Encuentro, titulado \u201cUna condena contra la Democracia\u201d. \u201cDesde el kirchnerismo vamos a seguir construyendo m\u00e1s y m\u00e1s proyecto popular para liberar de una vez por todas a nuestra Patria de estas mafias que la tienen secuestrada\u201d, cierra el texto.<\/p>\n\n\n\n<figure class=\"wp-block-embed is-type-rich is-provider-twitter wp-block-embed-twitter\"><div class=\"wp-block-embed__wrapper\">\n<blockquote class=\"twitter-tweet\" data-width=\"550\" data-dnt=\"true\"><p lang=\"es\" dir=\"ltr\">\ud83d\udd34 UNA CONDENA CONTRA LA DEMOCRACIA<br><br>\u270d Compartimos la declaraci\u00f3n de la <a href=\"https:\/\/twitter.com\/hashtag\/MesaNacional?src=hash&amp;ref_src=twsrc%5Etfw\">#MesaNacional<\/a> de Nuevo Encuentro tras conocerse el veredicto emitido por el Partido Judicial contra la compa\u00f1era Cristina Fernandez de Kirchner <a href=\"https:\/\/t.co\/l5uELcPldD\">pic.twitter.com\/l5uELcPldD<\/a><\/p>&mdash; Lucas Ghi (@LucasGhi) <a href=\"https:\/\/twitter.com\/LucasGhi\/status\/1600237017425510400?ref_src=twsrc%5Etfw\">December 6, 2022<\/a><\/blockquote><script async src=\"https:\/\/platform.twitter.com\/widgets.js\" charset=\"utf-8\"><\/script>\n<\/div><\/figure>\n\n\n\n<p>El jefe comunal de Ituzaing\u00f3, Alberto Descalzo, comparti\u00f3 un comunicado del Partido Justicialista de Ituzaing\u00f3. \u201cNo s\u00f3lo atentan contra el rol de la pol\u00edtica, lo hacen tambi\u00e9n contra los derechos de las mayor\u00edas. La inhabilitaci\u00f3n perpetua busca disciplinar a todos los dirigentes que creemos en la pol\u00edtica como herramienta de transformaci\u00f3n social\u201d, dice una parte del mismo.<\/p>\n\n\n\n<figure class=\"wp-block-embed is-type-rich is-provider-twitter wp-block-embed-twitter\"><div class=\"wp-block-embed__wrapper\">\n<blockquote class=\"twitter-tweet\" data-width=\"550\" data-dnt=\"true\"><p lang=\"es\" dir=\"ltr\">La condena ya estaba escrita. Todo nuestro apoyo para<a href=\"https:\/\/twitter.com\/CFKArgentina?ref_src=twsrc%5Etfw\">@CFKArgentina<\/a> \ud83d\udc47 <a href=\"https:\/\/t.co\/ezIgE8Fvpd\">pic.twitter.com\/ezIgE8Fvpd<\/a><\/p>&mdash; Alberto Descalzo \ud83c\udde6\ud83c\uddf7 (@AlbertoDescalzo) <a href=\"https:\/\/twitter.com\/AlbertoDescalzo\/status\/1600274722163691523?ref_src=twsrc%5Etfw\">December 6, 2022<\/a><\/blockquote><script async src=\"https:\/\/platform.twitter.com\/widgets.js\" charset=\"utf-8\"><\/script>\n<\/div><\/figure>\n\n\n\n<p>El intendente de Hurlingham, Juan Zabaleta, expres\u00f3: \u201cCon este fallo, un sector del Poder Judicial busca condicionar a Cristina Fern\u00e1ndez de Kirchner para impedirle defender tu derecho a vivir mejor. Una condena injusta para cancelarla pol\u00edticamente, que nos condena un poco a todos y a todas. Un d\u00eda triste para nuestra democracia e instituciones\u201d.<\/p>\n\n\n\n<figure class=\"wp-block-embed is-type-rich is-provider-twitter wp-block-embed-twitter\"><div class=\"wp-block-embed__wrapper\">\n<blockquote class=\"twitter-tweet\" data-width=\"550\" data-dnt=\"true\"><p lang=\"es\" dir=\"ltr\">Con este fallo, un sector del Poder Judicial busca condicionar a <a href=\"https:\/\/twitter.com\/CFKArgentina?ref_src=twsrc%5Etfw\">@CFKArgentina<\/a> para impedirle defender tu derecho a vivir mejor.<br><br>Una condena injusta para cancelarla pol\u00edticamente, que nos condena un poco a todos y a todas.<br><br>Un d\u00eda triste para nuestra democracia e instituciones.<\/p>&mdash; Juan Zabaleta (@JuanZabaletaOK) <a href=\"https:\/\/twitter.com\/JuanZabaletaOK\/status\/1600231996491386880?ref_src=twsrc%5Etfw\">December 6, 2022<\/a><\/blockquote><script async src=\"https:\/\/platform.twitter.com\/widgets.js\" charset=\"utf-8\"><\/script>\n<\/div><\/figure>\n\n\n\n<p>La jefa comunal de Moreno, Mariel Fern\u00e1ndez, expres\u00f3: \u201cEl amor no se proscribe, nunca pudieron, todav\u00eda no se dan cuenta. \u00a1Nadie olvida cuando fue feliz!\u201d. Latinoam\u00e9rica avanza junto a sus l\u00edderes, la Justicia de los grupos concentrados no podr\u00e1, \u00a1porque somos millones\u201d. Y agreg\u00f3: \u201cY aunque desaparezcan generaciones, surgimos como las semillas del \u00e1rbol nativo. \u00a1Mi solidaridad y agradecimiento con la compa\u00f1era Cristina Fern\u00e1ndez de Kirchner y su familia que tanto hostigamiento deben soportar!\u201d.<\/p>\n\n\n\n<figure class=\"wp-block-embed is-type-rich is-provider-twitter wp-block-embed-twitter\"><div class=\"wp-block-embed__wrapper\">\n<blockquote class=\"twitter-tweet\" data-width=\"550\" data-dnt=\"true\"><p lang=\"es\" dir=\"ltr\">Y aunque desaparezcan generaciones, surgimos como las semillas del \u00e1rbol nativo. \u00a1Mi solidaridad y agradecimiento con la compa\u00f1era Cristina Fern\u00e1ndez de Kirchner y su familia que tanto hostigamiento deben soportar!<\/p>&mdash; Mariel Fern\u00e1ndez (@marielfmoreno1) <a href=\"https:\/\/twitter.com\/marielfmoreno1\/status\/1600269557255454722?ref_src=twsrc%5Etfw\">December 6, 2022<\/a><\/blockquote><script async src=\"https:\/\/platform.twitter.com\/widgets.js\" charset=\"utf-8\"><\/script>\n<\/div><\/figure>\n\n\n\n<p>El intendente de General Rodr\u00edguez, Mauro Garc\u00eda, comparti\u00f3 el comunicado del Partido Justicialista de la Provincia de Buenos Aires. \u201cLa condena contra la compa\u00f1era vicepresidenta Cristina Fern\u00e1ndez de Kirchner es una condena a todo el pueblo argentino\u201d.<\/p>\n\n\n\n<figure class=\"wp-block-embed is-type-rich is-provider-twitter wp-block-embed-twitter\"><div class=\"wp-block-embed__wrapper\">\n<blockquote class=\"twitter-tweet\" data-width=\"550\" data-dnt=\"true\"><p lang=\"es\" dir=\"ltr\">\u00bb Comunicado del Partido Justicialista de la PBA. <a href=\"https:\/\/twitter.com\/hashtag\/TodosConElla?src=hash&amp;ref_src=twsrc%5Etfw\">#TodosConElla<\/a> <a href=\"https:\/\/t.co\/MtWHDqsUI4\">pic.twitter.com\/MtWHDqsUI4<\/a><\/p>&mdash; PJ Provincia de Buenos Aires (@BonaerensePJ) <a href=\"https:\/\/twitter.com\/BonaerensePJ\/status\/1600239292978061313?ref_src=twsrc%5Etfw\">December 6, 2022<\/a><\/blockquote><script async src=\"https:\/\/platform.twitter.com\/widgets.js\" charset=\"utf-8\"><\/script>\n<\/div><\/figure>\n\n\n\n<p>Por \u00faltimo, el intendente de La Matanza, Fernando Espinoza, consider\u00f3 que \u201ccomo dijo Cristina la condena ya estaba escrita. Esto no es Justicia, es venganza por 12 a\u00f1os de gobierno para todas y todos, en los que unos pocos dejaron de hacer negocios a costa del bienestar del pueblo\u201d. Y cerr\u00f3: \u201cLa voluntad de las y los argentinos no proscribe. Vamos a luchar siempre a tu lado por una Argentina con m\u00e1s justicia social, querida Cristina Fern\u00e1ndez de Kirchner, nuestra presidenta del coraz\u00f3n por siempre\u201d.<\/p>\n\n\n\n<figure class=\"wp-block-embed is-type-rich is-provider-twitter wp-block-embed-twitter\"><div class=\"wp-block-embed__wrapper\">\n<blockquote class=\"twitter-tweet\" data-width=\"550\" data-dnt=\"true\"><p lang=\"es\" dir=\"ltr\">La voluntad de las y los argentinos no proscribe. Vamos a luchar siempre a tu lado por una Argentina con m\u00e1s justicia social, querida  <a href=\"https:\/\/twitter.com\/CFKArgentina?ref_src=twsrc%5Etfw\">@CFKArgentina<\/a>, nuestra presidenta del coraz\u00f3n por siempre.<a href=\"https:\/\/twitter.com\/hashtag\/TodosConElla?src=hash&amp;ref_src=twsrc%5Etfw\">#TodosConElla<\/a><\/p>&mdash; Fernando Espinoza (@FerEspinozaOK) <a href=\"https:\/\/twitter.com\/FerEspinozaOK\/status\/1600258499375554561?ref_src=twsrc%5Etfw\">December 6, 2022<\/a><\/blockquote><script async src=\"https:\/\/platform.twitter.com\/widgets.js\" charset=\"utf-8\"><\/script>\n<\/div><\/figure>\n\n\n\n<figure class=\"wp-block-embed is-type-wp-embed is-provider-sector-prensa wp-block-embed-sector-prensa\"><div class=\"wp-block-embed__wrapper\">\n<blockquote class=\"wp-embedded-content\" data-secret=\"BY6bBO12GJ\"><a href=\"https:\/\/sectorprensa.com.ar\/2022\/12\/06\/condenaron-a-cristina-fernandez-de-kirchner\/\">Condenaron a Cristina Fern\u00e1ndez de Kirchner<\/a><\/blockquote><iframe loading=\"lazy\" class=\"wp-embedded-content\" sandbox=\"allow-scripts\" security=\"restricted\" style=\"position: absolute; clip: rect(1px, 1px, 1px, 1px);\" title=\"\u00abCondenaron a Cristina Fern\u00e1ndez de Kirchner\u00bb \u2014 Sector Prensa\" src=\"https:\/\/sectorprensa.com.ar\/2022\/12\/06\/condenaron-a-cristina-fernandez-de-kirchner\/embed\/#?secret=eMHP6vgZyl#?secret=BY6bBO12GJ\" data-secret=\"BY6bBO12GJ\" width=\"600\" height=\"338\" frameborder=\"0\" marginwidth=\"0\" marginheight=\"0\" scrolling=\"no\"><\/iframe>\n<\/div><\/figure>\n\r\n","protected":false},"excerpt":{"rendered":"<p>La mayor\u00eda coincidi\u00f3 en que la \u201ccondena fue contra la Democracia y contra el pueblo argentino\u201d. Mir\u00e1 lo que escribieron.<\/p>\n","protected":false},"author":1,"featured_media":50272,"comment_status":"closed","ping_status":"closed","sticky":false,"template":"","format":"standard","meta":{"colormag_page_container_layout":"default_layout","colormag_page_sidebar_layout":"default_layout","footnotes":""},"categories":[17,4396,6,4,7,2154,5,8],"tags":[86,6815,6851,672,45,245,311,2898,3425,2253],"class_list":["post-50271","post","type-post","status-publish","format-standard","has-post-thumbnail","hentry","category-destacadas","category-gral-rodriguez","category-hurlingham","category-ituzaingo","category-merlo","category-moreno","category-moron","category-politica","tag-alberto-descalzo","tag-causa-vialidad","tag-cristina-fernandez-de-kirchner-2","tag-fernando-espinoza","tag-juan-zabaleta","tag-karina-menendez","tag-lucas-ghi","tag-mariel-fernandez","tag-mauro-garcia","tag-vialidad"],"_links":{"self":[{"href":"https:\/\/sectorprensa.com.ar\/index.php?rest_route=\/wp\/v2\/posts\/50271","targetHints":{"allow":["GET"]}}],"collection":[{"href":"https:\/\/sectorprensa.com.ar\/index.php?rest_route=\/wp\/v2\/posts"}],"about":[{"href":"https:\/\/sectorprensa.com.ar\/index.php?rest_route=\/wp\/v2\/types\/post"}],"author":[{"embeddable":true,"href":"https:\/\/sectorprensa.com.ar\/index.php?rest_route=\/wp\/v2\/users\/1"}],"replies":[{"embeddable":true,"href":"https:\/\/sectorprensa.com.ar\/index.php?rest_route=%2Fwp%2Fv2%2Fcomments&post=50271"}],"version-history":[{"count":2,"href":"https:\/\/sectorprensa.com.ar\/index.php?rest_route=\/wp\/v2\/posts\/50271\/revisions"}],"predecessor-version":[{"id":50274,"href":"https:\/\/sectorprensa.com.ar\/index.php?rest_route=\/wp\/v2\/posts\/50271\/revisions\/50274"}],"wp:featuredmedia":[{"embeddable":true,"href":"https:\/\/sectorprensa.com.ar\/index.php?rest_route=\/wp\/v2\/media\/50272"}],"wp:attachment":[{"href":"https:\/\/sectorprensa.com.ar\/index.php?rest_route=%2Fwp%2Fv2%2Fmedia&parent=50271"}],"wp:term":[{"taxonomy":"category","embeddable":true,"href":"https:\/\/sectorprensa.com.ar\/index.php?rest_route=%2Fwp%2Fv2%2Fcategories&post=50271"},{"taxonomy":"post_tag","embeddable":true,"href":"https:\/\/sectorprensa.com.ar\/index.php?rest_route=%2Fwp%2Fv2%2Ftags&post=50271"}],"curies":[{"name":"wp","href":"https:\/\/api.w.org\/{rel}","templated":true}]}}