{"id":50287,"date":"2022-12-09T06:20:00","date_gmt":"2022-12-09T06:20:00","guid":{"rendered":"https:\/\/sectorprensa.com.ar\/?p=50287"},"modified":"2022-12-08T15:10:23","modified_gmt":"2022-12-08T15:10:23","slug":"moreno-se-inauguro-el-edificio-del-jardin-de-infantes-n934","status":"publish","type":"post","link":"https:\/\/sectorprensa.com.ar\/?p=50287","title":{"rendered":"Moreno: Se inaugur\u00f3 el edificio del Jard\u00edn de Infantes N\u00b0934"},"content":{"rendered":"\n<h6 class=\"wp-block-heading\"><strong>Adem\u00e1s, el Gobernador de la Provincia de Buenos Aires, Axel Kicillof, entreg\u00f3 el decreto de creaci\u00f3n de un nuevo parque industrial en el municipio.<\/strong><\/h6>\n\n\n\n<p>El gobernador de la provincia de Buenos Aires, Axel Kicillof, encabez\u00f3 el mi\u00e9rcoles el acto de inauguraci\u00f3n del nuevo edificio del Jard\u00edn de Infantes N\u00b0934 del municipio de Moreno, junto a la intendenta local, Mariel Fern\u00e1ndez; el director general de Cultura y Educaci\u00f3n, Alberto Sileoni; la ministra de Gobierno, Cristina \u00c1lvarez Rodr\u00edguez; y la directora de la instituci\u00f3n, Marcela Coronel.<\/p>\n\n\n\n<p>En ese marco, Kicillof destac\u00f3 que \u201cno pensamos los jardines de infantes como un espacio al que \u00fanicamente se viene a jugar, sino como un \u00e1mbito de educaci\u00f3n inicial al que los chicos y las chicas tambi\u00e9n vienen a aprender\u201d. \u201cTodos los bonaerenses tienen derecho a la educaci\u00f3n desde los primeros a\u00f1os: no importa d\u00f3nde vivan, merecen adem\u00e1s edificios escolares dignos y de calidad\u201d, agreg\u00f3.<\/p>\n\n\n\n<p>\u201cEsta inauguraci\u00f3n no es un hecho aislado que sucede en Moreno, es parte de una pol\u00edtica p\u00fablica que se lleva adelante en toda la provincia de Buenos Aires\u201d, sostuvo el Gobernador y a\u00f1adi\u00f3: \u201cDespu\u00e9s de una etapa de cuatro a\u00f1os de promesas incumplidas, no estamos aqu\u00ed para poner excusas: a poco de cumplir 3 a\u00f1os de gesti\u00f3n, este es el edificio escolar n\u00famero 124 que hemos inaugurado\u201d.<\/p>\n\n\n\n<figure class=\"wp-block-embed is-type-rich is-provider-twitter wp-block-embed-twitter\"><div class=\"wp-block-embed__wrapper\">\n<blockquote class=\"twitter-tweet\" data-width=\"550\" data-dnt=\"true\"><p lang=\"es\" dir=\"ltr\">Esta inauguraci\u00f3n no es un hecho aislado que sucede en Moreno, es parte de una pol\u00edtica p\u00fablica que se lleva adelante en toda la provincia de Buenos Aires.<a href=\"https:\/\/twitter.com\/hashtag\/DERECHOalFUTURO?src=hash&amp;ref_src=twsrc%5Etfw\">#DERECHOalFUTURO<\/a> <a href=\"https:\/\/t.co\/ILqw7B7Aom\">pic.twitter.com\/ILqw7B7Aom<\/a><\/p>&mdash; Axel Kicillof (@Kicillofok) <a href=\"https:\/\/twitter.com\/Kicillofok\/status\/1600522686156967936?ref_src=twsrc%5Etfw\">December 7, 2022<\/a><\/blockquote><script async src=\"https:\/\/platform.twitter.com\/widgets.js\" charset=\"utf-8\"><\/script>\n<\/div><\/figure>\n\n\n\n<p>A partir de una inversi\u00f3n de m\u00e1s de $88,2 millones, se construyeron las nuevas instalaciones del jard\u00edn, brindando una respuesta a una demanda hist\u00f3rica de vecinos y vecinas del barrio Lomas de Casasco. La instituci\u00f3n funcionaba anteriormente en el Club Mariano Moreno y cuenta con una matr\u00edcula de 240 alumnas y alumnos distribuidos en dos turnos.&nbsp;<\/p>\n\n\n\n<p>Por su parte, la intendenta Fern\u00e1ndez remarc\u00f3: \u201cEstamos muy felices por la inauguraci\u00f3n de este jard\u00edn y por seguir trayendo dignidad a los edificios escolares de Moreno\u201d. \u201cSomos una gesti\u00f3n que se apoya y conf\u00eda en una comunidad solidaria que ha sido muy importante para sostener y apuntalar las trayectorias educativas de muchos chicos y chicas\u201d, dijo.<\/p>\n\n\n\n<p>En tanto, Sileoni subray\u00f3 que \u201cestamos muy orgullosos del sistema educativo bonaerense, por eso seguimos trabajando en todo lo que todav\u00eda falta para que todas las escuelas tengan la misma dignidad que este edificio\u201d. \u201cVamos a seguir transitando por este camino, conscientes de que la educaci\u00f3n inicial ha tomado un car\u00e1cter decisivo en la apuesta por garantizar una sociedad m\u00e1s justa y democr\u00e1tica\u201d, indic\u00f3.<\/p>\n\n\n\n<p>A continuaci\u00f3n, Kicillof y el ministro de Producci\u00f3n, Ciencia e Innovaci\u00f3n Tecnol\u00f3gica, Augusto Costa, entregaron el decreto de creaci\u00f3n del Parque Industrial Privado R25 \u201cPIR25\u201d, en La Reja. Estar\u00e1 orientado a la radicaci\u00f3n de peque\u00f1as y medianas empresas dedicadas a actividades de servicios, dep\u00f3sitos y log\u00edstica, entre otras. Ahora que cuenta con el decreto, se podr\u00e1n lotear los terrenos para continuar con la venta de parcelas.&nbsp;<\/p>\n\n\n\n<figure class=\"wp-block-embed is-type-rich is-provider-twitter wp-block-embed-twitter\"><div class=\"wp-block-embed__wrapper\">\n<blockquote class=\"twitter-tweet\" data-width=\"550\" data-dnt=\"true\"><p lang=\"es\" dir=\"ltr\">El modelo que impulsamos tiene a los parques industriales como motores del crecimiento, la producci\u00f3n y el empleo. Por eso nos propusimos acompa\u00f1ar al sector con inversi\u00f3n y pol\u00edticas p\u00fablicas para seguir transformando la Provincia.<\/p>&mdash; Axel Kicillof (@Kicillofok) <a href=\"https:\/\/twitter.com\/Kicillofok\/status\/1600558043514691585?ref_src=twsrc%5Etfw\">December 7, 2022<\/a><\/blockquote><script async src=\"https:\/\/platform.twitter.com\/widgets.js\" charset=\"utf-8\"><\/script>\n<\/div><\/figure>\n\n\n\n<p>Por \u00faltimo, Kicillof resalt\u00f3: \u201cVan a intentar de todo, pero no van a impedir que sigamos inaugurando escuelas y parques industriales. Vamos a seguir impulsado un Estado que est\u00e9 al servicio de las grandes mayor\u00edas\u201d.<\/p>\n\n\n\n<p>Participaron de las actividades el jefe de Asesores del Gobernador, Carlos Bianco; el ministro de Trabajo, Walter Correa; el jefe de gabinete de la Direcci\u00f3n General de Cultura y Educaci\u00f3n, Pablo Urquiza; la subsecretaria de Industrias, Pymes y Cooperativas, Mariela Bembi; el subsecretario de Desarrollo Comercial y Promoci\u00f3n de Inversiones, Ariel Aguilar; &nbsp;la directora provincial de Educaci\u00f3n Inicial, Patricia Redondo;&nbsp;el titular de la Asociaci\u00f3n del Magisterio de Ense\u00f1anza T\u00e9cnica (AMET) de la Provincia de Buenos Aires, Ariel Guede; y el propietario del PIR25, Jorge Fern\u00e1ndez Men\u00e9ndez.<\/p>\n\n\n\n<figure class=\"wp-block-embed is-type-wp-embed is-provider-sector-prensa wp-block-embed-sector-prensa\"><div class=\"wp-block-embed__wrapper\">\n<blockquote class=\"wp-embedded-content\" data-secret=\"LM5Ctanb3K\"><a href=\"https:\/\/sectorprensa.com.ar\/2022\/12\/08\/moreno-se-puso-en-marcha-el-programa-comprar-barato\/\">Moreno: se puso en marcha el programa &#8220;Comprar Barato&#8221;<\/a><\/blockquote><iframe loading=\"lazy\" class=\"wp-embedded-content\" sandbox=\"allow-scripts\" security=\"restricted\" style=\"position: absolute; clip: rect(1px, 1px, 1px, 1px);\" title=\"\u00abMoreno: se puso en marcha el programa &#8220;Comprar Barato&#8221;\u00bb \u2014 Sector Prensa\" src=\"https:\/\/sectorprensa.com.ar\/2022\/12\/08\/moreno-se-puso-en-marcha-el-programa-comprar-barato\/embed\/#?secret=gpZ9XIALvH#?secret=LM5Ctanb3K\" data-secret=\"LM5Ctanb3K\" width=\"600\" height=\"338\" frameborder=\"0\" marginwidth=\"0\" marginheight=\"0\" scrolling=\"no\"><\/iframe>\n<\/div><\/figure>\n\r\n","protected":false},"excerpt":{"rendered":"<p>Adem\u00e1s, el Gobernador de la Provincia de Buenos Aires, Axel Kicillof, entreg\u00f3 el decreto de creaci\u00f3n de un nuevo parque<\/p>\n","protected":false},"author":1,"featured_media":50288,"comment_status":"closed","ping_status":"closed","sticky":false,"template":"","format":"standard","meta":{"colormag_page_container_layout":"default_layout","colormag_page_sidebar_layout":"default_layout","footnotes":""},"categories":[17,2154,8,10],"tags":[5807,3337,6920,770,2898],"class_list":["post-50287","post","type-post","status-publish","format-standard","has-post-thumbnail","hentry","category-destacadas","category-moreno","category-politica","category-sociedad","tag-alberto-sileoni","tag-axel-kicillof","tag-inauguracion-2","tag-jardin-de-infantes","tag-mariel-fernandez"],"_links":{"self":[{"href":"https:\/\/sectorprensa.com.ar\/index.php?rest_route=\/wp\/v2\/posts\/50287","targetHints":{"allow":["GET"]}}],"collection":[{"href":"https:\/\/sectorprensa.com.ar\/index.php?rest_route=\/wp\/v2\/posts"}],"about":[{"href":"https:\/\/sectorprensa.com.ar\/index.php?rest_route=\/wp\/v2\/types\/post"}],"author":[{"embeddable":true,"href":"https:\/\/sectorprensa.com.ar\/index.php?rest_route=\/wp\/v2\/users\/1"}],"replies":[{"embeddable":true,"href":"https:\/\/sectorprensa.com.ar\/index.php?rest_route=%2Fwp%2Fv2%2Fcomments&post=50287"}],"version-history":[{"count":3,"href":"https:\/\/sectorprensa.com.ar\/index.php?rest_route=\/wp\/v2\/posts\/50287\/revisions"}],"predecessor-version":[{"id":50306,"href":"https:\/\/sectorprensa.com.ar\/index.php?rest_route=\/wp\/v2\/posts\/50287\/revisions\/50306"}],"wp:featuredmedia":[{"embeddable":true,"href":"https:\/\/sectorprensa.com.ar\/index.php?rest_route=\/wp\/v2\/media\/50288"}],"wp:attachment":[{"href":"https:\/\/sectorprensa.com.ar\/index.php?rest_route=%2Fwp%2Fv2%2Fmedia&parent=50287"}],"wp:term":[{"taxonomy":"category","embeddable":true,"href":"https:\/\/sectorprensa.com.ar\/index.php?rest_route=%2Fwp%2Fv2%2Fcategories&post=50287"},{"taxonomy":"post_tag","embeddable":true,"href":"https:\/\/sectorprensa.com.ar\/index.php?rest_route=%2Fwp%2Fv2%2Ftags&post=50287"}],"curies":[{"name":"wp","href":"https:\/\/api.w.org\/{rel}","templated":true}]}}