{"id":50567,"date":"2022-12-19T17:54:36","date_gmt":"2022-12-19T17:54:36","guid":{"rendered":"https:\/\/sectorprensa.com.ar\/?p=50567"},"modified":"2022-12-19T17:54:39","modified_gmt":"2022-12-19T17:54:39","slug":"somos-campeones-del-mundo-asi-lo-festejo-el-oeste","status":"publish","type":"post","link":"https:\/\/sectorprensa.com.ar\/?p=50567","title":{"rendered":"\u00a1Somos campeones del mundo! As\u00ed lo festej\u00f3 el oeste"},"content":{"rendered":"\n<h6 class=\"wp-block-heading\"><strong>Los vecinos e intendentes festejaron la consagraci\u00f3n de la Selecci\u00f3n Argentina en el Mundial de Qatar 2022. <\/strong><\/h6>\n\n\n\n<p>La Selecci\u00f3n Argentina venci\u00f3 a Francia por penales -luego de empatar 3-3- y se consagr\u00f3 en el Mundial de Qatar 2022.<\/p>\n\n\n\n<p>En esta nota, te mostramos a los vecinos e intendentes del oeste festejando el triunfo durante el domingo.  <\/p>\n\n\n\n<p><strong>MERLO<\/strong><\/p>\n\n\n\n<p>La gente festej\u00f3 en todas las localidades de Merlo. Los vecinos pudieron ver el partido en el Punto de Aliento \u00abEl Tejadito\u00bb. <\/p>\n\n\n\n<figure class=\"wp-block-embed is-type-rich is-provider-twitter wp-block-embed-twitter\"><div class=\"wp-block-embed__wrapper\">\n<blockquote class=\"twitter-tweet\" data-width=\"550\" data-dnt=\"true\"><p lang=\"es\" dir=\"ltr\">Gracias a los miles de merlenses que eligieron compartir la Final de la Copa del Mundo en nuestro Punto de Aliento \ud83d\udc4f <a href=\"https:\/\/twitter.com\/hashtag\/Argentina?src=hash&amp;ref_src=twsrc%5Etfw\">#Argentina<\/a> \ud83c\udde6\ud83c\uddf7 Somos campeones \ud83c\udfc6  <a href=\"https:\/\/twitter.com\/hashtag\/MerloEsMundial?src=hash&amp;ref_src=twsrc%5Etfw\">#MerloEsMundial<\/a> <a href=\"https:\/\/t.co\/QwmNcqdoTR\">pic.twitter.com\/QwmNcqdoTR<\/a><\/p>&mdash; Merlo Municipalidad (@MerloGob) <a href=\"https:\/\/twitter.com\/MerloGob\/status\/1604558677746278400?ref_src=twsrc%5Etfw\">December 18, 2022<\/a><\/blockquote><script async src=\"https:\/\/platform.twitter.com\/widgets.js\" charset=\"utf-8\"><\/script>\n<\/div><figcaption class=\"wp-element-caption\"><strong>En Merlo los vecinos vieron el partido y festejaron en el punto de Aliento \u00abEl Tejadito\u00bb<\/strong><\/figcaption><\/figure>\n\n\n\n<figure class=\"wp-block-embed is-type-rich is-provider-twitter wp-block-embed-twitter\"><div class=\"wp-block-embed__wrapper\">\n<blockquote class=\"twitter-tweet\" data-width=\"550\" data-dnt=\"true\"><p lang=\"es\" dir=\"ltr\">Merlo es Mundial\u2026 somos campeones otra vez!!! <a href=\"https:\/\/t.co\/hHev9WOcz1\">pic.twitter.com\/hHev9WOcz1<\/a><\/p>&mdash; Karina Men\u00e9ndez (@KarinaMenendez0) <a href=\"https:\/\/twitter.com\/KarinaMenendez0\/status\/1604556824841113600?ref_src=twsrc%5Etfw\">December 18, 2022<\/a><\/blockquote><script async src=\"https:\/\/platform.twitter.com\/widgets.js\" charset=\"utf-8\"><\/script>\n<\/div><figcaption class=\"wp-element-caption\"><strong>La intendenta de Merlo, Karina Men\u00e9ndez, tuite\u00f3 tras el triunfo<\/strong><\/figcaption><\/figure>\n\n\n\n<p><strong>MOR\u00d3N<\/strong><\/p>\n\n\n\n<p>Los vecinos festejaron en la Plaza Central. Estuvo presente el intendente Lucas Ghi.<\/p>\n\n\n\n<figure class=\"wp-block-embed is-type-rich is-provider-twitter wp-block-embed-twitter\"><div class=\"wp-block-embed__wrapper\">\n<blockquote class=\"twitter-tweet\" data-width=\"550\" data-dnt=\"true\"><p lang=\"es\" dir=\"ltr\">\u00a1Vamos Argentina! Lleg\u00f3 la tercera \ud83c\udfc6<br><br>Festeja toda la Provincia \u2764\ufe0f<a href=\"https:\/\/twitter.com\/hashtag\/Mor%C3%B3n?src=hash&amp;ref_src=twsrc%5Etfw\">#Mor\u00f3n<\/a> <a href=\"https:\/\/t.co\/v6DtHPakjN\">pic.twitter.com\/v6DtHPakjN<\/a><\/p>&mdash; Gobierno PBA (@BAProvincia) <a href=\"https:\/\/twitter.com\/BAProvincia\/status\/1604655026584145920?ref_src=twsrc%5Etfw\">December 19, 2022<\/a><\/blockquote><script async src=\"https:\/\/platform.twitter.com\/widgets.js\" charset=\"utf-8\"><\/script>\n<\/div><\/figure>\n\n\n\n<p><strong>HURLINGHAM<\/strong><\/p>\n\n\n\n<figure class=\"wp-block-embed is-type-rich is-provider-twitter wp-block-embed-twitter\"><div class=\"wp-block-embed__wrapper\">\n<blockquote class=\"twitter-tweet\" data-width=\"550\" data-dnt=\"true\"><p lang=\"es\" dir=\"ltr\">Durante el partido vivimos una monta\u00f1a rusa de emociones. El Microestadio Municipal fue una fiesta, sin dudas el mejor punto aliento.<br><br>Agradecemos a todas las familias que nos acompa\u00f1aron en cada partido\u2764\ufe0f<br><br>\ud83c\udfb6 En Argentina nac\u00ed, tierra de Diego y Lionel \ud83c\udfb6<a href=\"https:\/\/twitter.com\/hashtag\/HurlinghamEsMundial?src=hash&amp;ref_src=twsrc%5Etfw\">#HurlinghamEsMundial<\/a> <a href=\"https:\/\/t.co\/LCLdWPhBUq\">pic.twitter.com\/LCLdWPhBUq<\/a><\/p>&mdash; Hurlingham Municipio (@MuniHurlingham) <a href=\"https:\/\/twitter.com\/MuniHurlingham\/status\/1604547274268213248?ref_src=twsrc%5Etfw\">December 18, 2022<\/a><\/blockquote><script async src=\"https:\/\/platform.twitter.com\/widgets.js\" charset=\"utf-8\"><\/script>\n<\/div><figcaption class=\"wp-element-caption\"><strong>El Microestadio Municipal fue una fiesta<\/strong><\/figcaption><\/figure>\n\n\n\n<p><strong>ITUZAING\u00d3<\/strong><\/p>\n\n\n\n<figure class=\"wp-block-embed is-type-rich is-provider-twitter wp-block-embed-twitter\"><div class=\"wp-block-embed__wrapper\">\n<blockquote class=\"twitter-tweet\" data-width=\"550\" data-dnt=\"true\"><p lang=\"es\" dir=\"ltr\">\u00a1Vamos Argentina! Lleg\u00f3 la tercera \ud83c\udfc6<br><br>Festeja toda la Provincia \u2764\ufe0f<a href=\"https:\/\/twitter.com\/hashtag\/Ituzaing%C3%B3?src=hash&amp;ref_src=twsrc%5Etfw\">#Ituzaing\u00f3<\/a> <a href=\"https:\/\/t.co\/9vKfun7utZ\">pic.twitter.com\/9vKfun7utZ<\/a><\/p>&mdash; Gobierno PBA (@BAProvincia) <a href=\"https:\/\/twitter.com\/BAProvincia\/status\/1604654590242263041?ref_src=twsrc%5Etfw\">December 19, 2022<\/a><\/blockquote><script async src=\"https:\/\/platform.twitter.com\/widgets.js\" charset=\"utf-8\"><\/script>\n<\/div><figcaption class=\"wp-element-caption\"><strong>La Plaza 20 de Febrero \u00abexplot\u00f3\u00bb de hinchas. El intendente Alberto Descalzo estuvo en el lugar festejando.<\/strong><\/figcaption><\/figure>\n\n\n\n<p><strong>MORENO<\/strong><\/p>\n\n\n\n<figure class=\"wp-block-embed is-type-rich is-provider-twitter wp-block-embed-twitter\"><div class=\"wp-block-embed__wrapper\">\n<blockquote class=\"twitter-tweet\" data-width=\"550\" data-dnt=\"true\"><p lang=\"es\" dir=\"ltr\">Que emoci\u00f3n tan grande! Gracias Leo!! Gracias equipo por tanta felicidad! Aguante la Scaloneta !!!\ud83c\udde6\ud83c\uddf7\ud83c\udde6\ud83c\uddf7\ud83c\udde6\ud83c\uddf7 <a href=\"https:\/\/t.co\/GghCb8gttE\">pic.twitter.com\/GghCb8gttE<\/a><\/p>&mdash; Mariel Fern\u00e1ndez (@marielfmoreno1) <a href=\"https:\/\/twitter.com\/marielfmoreno1\/status\/1604550097538203648?ref_src=twsrc%5Etfw\">December 18, 2022<\/a><\/blockquote><script async src=\"https:\/\/platform.twitter.com\/widgets.js\" charset=\"utf-8\"><\/script>\n<\/div><figcaption class=\"wp-element-caption\"><strong>La intendenta Mariel Fern\u00e1ndez con su familia, luego del partido<\/strong><\/figcaption><\/figure>\n\n\n\n<p><strong>GENERAL RODR\u00cdGUEZ<\/strong><\/p>\n\n\n\n<figure class=\"wp-block-image size-full\"><img loading=\"lazy\" decoding=\"async\" width=\"800\" height=\"420\" src=\"https:\/\/sectorprensa.com.ar\/wp-content\/uploads\/2022\/12\/GG-11.jpg\" alt=\"\" class=\"wp-image-50568\" srcset=\"https:\/\/sectorprensa.com.ar\/wp-content\/uploads\/2022\/12\/GG-11.jpg 800w, https:\/\/sectorprensa.com.ar\/wp-content\/uploads\/2022\/12\/GG-11-300x158.jpg 300w, https:\/\/sectorprensa.com.ar\/wp-content\/uploads\/2022\/12\/GG-11-768x403.jpg 768w, https:\/\/sectorprensa.com.ar\/wp-content\/uploads\/2022\/12\/GG-11-390x205.jpg 390w\" sizes=\"auto, (max-width: 800px) 100vw, 800px\" \/><figcaption class=\"wp-element-caption\"><strong>El intendente Mauro Garc\u00eda festej\u00f3 junto a los vecinos<\/strong><\/figcaption><\/figure>\n\n\n\n<figure class=\"wp-block-embed is-type-wp-embed is-provider-sector-prensa wp-block-embed-sector-prensa\"><div class=\"wp-block-embed__wrapper\">\n<blockquote class=\"wp-embedded-content\" data-secret=\"cTTQSltx1n\"><a href=\"https:\/\/sectorprensa.com.ar\/2022\/12\/15\/fotos-y-videos-la-zona-oeste-festejo-el-triunfo-de-la-seleccion-argentina\/\">Fotos y videos: la zona oeste festej\u00f3 el triunfo de la Selecci\u00f3n Argentina<\/a><\/blockquote><iframe loading=\"lazy\" class=\"wp-embedded-content\" sandbox=\"allow-scripts\" security=\"restricted\" style=\"position: absolute; clip: rect(1px, 1px, 1px, 1px);\" title=\"\u00abFotos y videos: la zona oeste festej\u00f3 el triunfo de la Selecci\u00f3n Argentina\u00bb \u2014 Sector Prensa\" src=\"https:\/\/sectorprensa.com.ar\/2022\/12\/15\/fotos-y-videos-la-zona-oeste-festejo-el-triunfo-de-la-seleccion-argentina\/embed\/#?secret=UEpw727Lml#?secret=cTTQSltx1n\" data-secret=\"cTTQSltx1n\" width=\"600\" height=\"338\" frameborder=\"0\" marginwidth=\"0\" marginheight=\"0\" scrolling=\"no\"><\/iframe>\n<\/div><\/figure>\n\r\n","protected":false},"excerpt":{"rendered":"<p>Los vecinos e intendentes festejaron la consagraci\u00f3n de la Selecci\u00f3n Argentina en el Mundial de Qatar 2022. La Selecci\u00f3n Argentina<\/p>\n","protected":false},"author":1,"featured_media":50569,"comment_status":"closed","ping_status":"closed","sticky":false,"template":"","format":"video","meta":{"colormag_page_container_layout":"default_layout","colormag_page_sidebar_layout":"default_layout","footnotes":""},"categories":[4396,6,4,6828,7,2154,5,10],"tags":[1831,5246,6283,1803],"class_list":["post-50567","post","type-post","status-publish","format-video","has-post-thumbnail","hentry","category-gral-rodriguez","category-hurlingham","category-ituzaingo","category-mas-destacadas","category-merlo","category-moreno","category-moron","category-sociedad","tag-copa-del-mundo","tag-festejos","tag-qatar-2022","tag-seleccion-argentina","post_format-post-format-video"],"_links":{"self":[{"href":"https:\/\/sectorprensa.com.ar\/index.php?rest_route=\/wp\/v2\/posts\/50567","targetHints":{"allow":["GET"]}}],"collection":[{"href":"https:\/\/sectorprensa.com.ar\/index.php?rest_route=\/wp\/v2\/posts"}],"about":[{"href":"https:\/\/sectorprensa.com.ar\/index.php?rest_route=\/wp\/v2\/types\/post"}],"author":[{"embeddable":true,"href":"https:\/\/sectorprensa.com.ar\/index.php?rest_route=\/wp\/v2\/users\/1"}],"replies":[{"embeddable":true,"href":"https:\/\/sectorprensa.com.ar\/index.php?rest_route=%2Fwp%2Fv2%2Fcomments&post=50567"}],"version-history":[{"count":1,"href":"https:\/\/sectorprensa.com.ar\/index.php?rest_route=\/wp\/v2\/posts\/50567\/revisions"}],"predecessor-version":[{"id":50570,"href":"https:\/\/sectorprensa.com.ar\/index.php?rest_route=\/wp\/v2\/posts\/50567\/revisions\/50570"}],"wp:featuredmedia":[{"embeddable":true,"href":"https:\/\/sectorprensa.com.ar\/index.php?rest_route=\/wp\/v2\/media\/50569"}],"wp:attachment":[{"href":"https:\/\/sectorprensa.com.ar\/index.php?rest_route=%2Fwp%2Fv2%2Fmedia&parent=50567"}],"wp:term":[{"taxonomy":"category","embeddable":true,"href":"https:\/\/sectorprensa.com.ar\/index.php?rest_route=%2Fwp%2Fv2%2Fcategories&post=50567"},{"taxonomy":"post_tag","embeddable":true,"href":"https:\/\/sectorprensa.com.ar\/index.php?rest_route=%2Fwp%2Fv2%2Ftags&post=50567"}],"curies":[{"name":"wp","href":"https:\/\/api.w.org\/{rel}","templated":true}]}}