{"id":50579,"date":"2022-12-19T22:30:00","date_gmt":"2022-12-19T22:30:00","guid":{"rendered":"https:\/\/sectorprensa.com.ar\/?p=50579"},"modified":"2022-12-20T01:30:27","modified_gmt":"2022-12-20T01:30:27","slug":"alcohol-cero-donofrio-afirmo-que-no-habra-multas-el-primer-ano-para-quienes-den-por-debajo-de-05","status":"publish","type":"post","link":"https:\/\/sectorprensa.com.ar\/?p=50579","title":{"rendered":"Alcohol Cero: D\u00b4Onofrio afirm\u00f3 que no habr\u00e1 multas el primer a\u00f1o para quienes den por debajo de 0,5"},"content":{"rendered":"\n<h6 class=\"wp-block-heading\"><strong>El Ministro de Transporte de la Provincia de Buenos Aires se refiri\u00f3 a la cl\u00e1usula transitoria de la ley aprobada.<\/strong><\/h6>\n\n\n\n<p>Jorge D\u00b4Onofrio, Ministro de Transporte bonaerense, se mostr\u00f3 conforme por la aprobaci\u00f3n de la Ley de Alcohol Cero en la provincia de Buenos Aires. Ademas, mencion\u00f3 que hay una cl\u00e1usula transitoria.<\/p>\n\n\n\n<p>En di\u00e1logo con La Cielo, el funcionario aclar\u00f3: \u00abLa ley tiene una cl\u00e1usula transitoria que dice que durante el primer a\u00f1o de aplicaci\u00f3n, aquellos que den por debajo de 0,50 no van a tener la multa. S\u00ed obviamente un curso, pero solo para la primera vez. De reincidir, no solo tendr\u00e1 que pagar la multa, sino la anterior tambi\u00e9n\u00bb.<\/p>\n\n\n\n<p>Luego, agreg\u00f3 que buscan dotar de alcohol\u00edmetros a los municipios y rutas provinciales: \u00abEstamos trabajando fuertemente para pode hacer una compra importante de alcohol\u00edmetros y dotar no solo a los municipios, sino tambi\u00e9n a los controles de la rutas provinciales. La discusi\u00f3n tom\u00f3 tal volumen en la sociedad que verificamos que a partir de mitad de a\u00f1o hasta la fecha han empezado a bajar los \u00edndices de alcoholemia\u00bb.<\/p>\n\n\n\n<p>\u00abEsto no es dejar de consumir alcohol, sino no manejar despu\u00e9s de consumir. En esto tenemos que ver a la juventud. Son ellos los que utilizan la modalidad del conductor designado o toman cualquiera de estos sistemas de transporte alternativos, taxis, transporte p\u00fablico. Esto es el gran trabajo que tenemos que hacer para operar este cambio cultural\u00bb, indic\u00f3.<\/p>\n\n\n\n<figure class=\"wp-block-embed is-type-wp-embed is-provider-sector-prensa wp-block-embed-sector-prensa\"><div class=\"wp-block-embed__wrapper\">\n<blockquote class=\"wp-embedded-content\" data-secret=\"DughAlMo4A\"><a href=\"https:\/\/sectorprensa.com.ar\/2022\/12\/16\/la-inflacion-fue-del-49-en-noviembre-y-llego-al-924-en-los-ultimos-doce-meses\/\">La inflaci\u00f3n fue del 4,9% en noviembre y lleg\u00f3 al 92,4% en los \u00faltimos doce meses<\/a><\/blockquote><iframe loading=\"lazy\" class=\"wp-embedded-content\" sandbox=\"allow-scripts\" security=\"restricted\" style=\"position: absolute; clip: rect(1px, 1px, 1px, 1px);\" title=\"\u00abLa inflaci\u00f3n fue del 4,9% en noviembre y lleg\u00f3 al 92,4% en los \u00faltimos doce meses\u00bb \u2014 Sector Prensa\" src=\"https:\/\/sectorprensa.com.ar\/2022\/12\/16\/la-inflacion-fue-del-49-en-noviembre-y-llego-al-924-en-los-ultimos-doce-meses\/embed\/#?secret=Ey4e7Ejt0H#?secret=DughAlMo4A\" data-secret=\"DughAlMo4A\" width=\"600\" height=\"338\" frameborder=\"0\" marginwidth=\"0\" marginheight=\"0\" scrolling=\"no\"><\/iframe>\n<\/div><\/figure>\n\r\n","protected":false},"excerpt":{"rendered":"<p>El Ministro de Transporte de la Provincia de Buenos Aires se refiri\u00f3 a la cl\u00e1usula transitoria de la ley aprobada.<\/p>\n","protected":false},"author":1,"featured_media":50580,"comment_status":"closed","ping_status":"closed","sticky":false,"template":"","format":"standard","meta":{"colormag_page_container_layout":"default_layout","colormag_page_sidebar_layout":"default_layout","footnotes":""},"categories":[17,8,18],"tags":[7236,5965],"class_list":["post-50579","post","type-post","status-publish","format-standard","has-post-thumbnail","hentry","category-destacadas","category-politica","category-provincia","tag-alcohol-cero","tag-jorge-donofrio"],"_links":{"self":[{"href":"https:\/\/sectorprensa.com.ar\/index.php?rest_route=\/wp\/v2\/posts\/50579","targetHints":{"allow":["GET"]}}],"collection":[{"href":"https:\/\/sectorprensa.com.ar\/index.php?rest_route=\/wp\/v2\/posts"}],"about":[{"href":"https:\/\/sectorprensa.com.ar\/index.php?rest_route=\/wp\/v2\/types\/post"}],"author":[{"embeddable":true,"href":"https:\/\/sectorprensa.com.ar\/index.php?rest_route=\/wp\/v2\/users\/1"}],"replies":[{"embeddable":true,"href":"https:\/\/sectorprensa.com.ar\/index.php?rest_route=%2Fwp%2Fv2%2Fcomments&post=50579"}],"version-history":[{"count":1,"href":"https:\/\/sectorprensa.com.ar\/index.php?rest_route=\/wp\/v2\/posts\/50579\/revisions"}],"predecessor-version":[{"id":50586,"href":"https:\/\/sectorprensa.com.ar\/index.php?rest_route=\/wp\/v2\/posts\/50579\/revisions\/50586"}],"wp:featuredmedia":[{"embeddable":true,"href":"https:\/\/sectorprensa.com.ar\/index.php?rest_route=\/wp\/v2\/media\/50580"}],"wp:attachment":[{"href":"https:\/\/sectorprensa.com.ar\/index.php?rest_route=%2Fwp%2Fv2%2Fmedia&parent=50579"}],"wp:term":[{"taxonomy":"category","embeddable":true,"href":"https:\/\/sectorprensa.com.ar\/index.php?rest_route=%2Fwp%2Fv2%2Fcategories&post=50579"},{"taxonomy":"post_tag","embeddable":true,"href":"https:\/\/sectorprensa.com.ar\/index.php?rest_route=%2Fwp%2Fv2%2Ftags&post=50579"}],"curies":[{"name":"wp","href":"https:\/\/api.w.org\/{rel}","templated":true}]}}