{"id":50587,"date":"2022-12-19T22:44:00","date_gmt":"2022-12-19T22:44:00","guid":{"rendered":"https:\/\/sectorprensa.com.ar\/?p=50587"},"modified":"2022-12-20T01:44:53","modified_gmt":"2022-12-20T01:44:53","slug":"se-decreto-feriado-nacional-para-este-martes-por-los-festejos-de-la-seleccion-argentina","status":"publish","type":"post","link":"https:\/\/sectorprensa.com.ar\/?p=50587","title":{"rendered":"Se decret\u00f3 feriado nacional para este martes por los festejos de la Selecci\u00f3n Argentina"},"content":{"rendered":"\n<h6 class=\"wp-block-heading\"><strong>El gobierno tom\u00f3 la medida debido al arribo de los jugadores al pa\u00eds, ser\u00e1 en la madrugada. Habr\u00e1 una caravana que comenzar\u00e1 en Ezeiza y seguir\u00e1 hasta el Obelisco.<\/strong><\/h6>\n\n\n\n<p>Finalmente, el gobierno decret\u00f3 feriado nacional para este martes 20 de diciembre. El motivo es el arribo de la Selecci\u00f3n Argentina al pa\u00eds, luego de coronarse campe\u00f3n del mundo en Qatar. A partir del mediod\u00eda, se llevar\u00e1n a cabo los festejos por la obtenci\u00f3n de la copa.<\/p>\n\n\n\n<p>La decisi\u00f3n fue anticipada por las fuentes cercanas a Casa Rosada, el Presidente Alberto Fern\u00e1ndez lo estableci\u00f3 en un Decreto de Necesidad y Urgencia. Quedar\u00e1n exceptuados trabajadores bancarios y AFIP, que cumplir\u00e1n sus actividades hasta el mediod\u00eda.<\/p>\n\n\n\n<p>El seleccionado nacional arribar\u00e1 a la Argentina este martes, en horas de la madrugada, y descansar\u00e1n en el Predio de Ezeiza. Por la ma\u00f1ana, el plantel comenzar\u00e1 una caravana que continuar\u00e1 hasta el Obelisco y algunas calles cercanas.<\/p>\n\n\n\n<figure class=\"wp-block-embed is-type-wp-embed is-provider-sector-prensa wp-block-embed-sector-prensa\"><div class=\"wp-block-embed__wrapper\">\n<blockquote class=\"wp-embedded-content\" data-secret=\"DyLUpjtG8Z\"><a href=\"https:\/\/sectorprensa.com.ar\/2022\/12\/15\/milagro-sala-la-corte-suprema-dejo-firme-la-condena-a-13-anos-de-prision\/\">Milagro Sala: la Corte Suprema dej\u00f3 firme la condena a 13 a\u00f1os de prisi\u00f3n<\/a><\/blockquote><iframe loading=\"lazy\" class=\"wp-embedded-content\" sandbox=\"allow-scripts\" security=\"restricted\" style=\"position: absolute; clip: rect(1px, 1px, 1px, 1px);\" title=\"\u00abMilagro Sala: la Corte Suprema dej\u00f3 firme la condena a 13 a\u00f1os de prisi\u00f3n\u00bb \u2014 Sector Prensa\" src=\"https:\/\/sectorprensa.com.ar\/2022\/12\/15\/milagro-sala-la-corte-suprema-dejo-firme-la-condena-a-13-anos-de-prision\/embed\/#?secret=2mTbztVche#?secret=DyLUpjtG8Z\" data-secret=\"DyLUpjtG8Z\" width=\"600\" height=\"338\" frameborder=\"0\" marginwidth=\"0\" marginheight=\"0\" scrolling=\"no\"><\/iframe>\n<\/div><\/figure>\n\r\n","protected":false},"excerpt":{"rendered":"<p>El gobierno tom\u00f3 la medida debido al arribo de los jugadores al pa\u00eds, ser\u00e1 en la madrugada. Habr\u00e1 una caravana<\/p>\n","protected":false},"author":1,"featured_media":50588,"comment_status":"closed","ping_status":"closed","sticky":false,"template":"","format":"standard","meta":{"colormag_page_container_layout":"default_layout","colormag_page_sidebar_layout":"default_layout","footnotes":""},"categories":[17,8],"tags":[7300,1803],"class_list":["post-50587","post","type-post","status-publish","format-standard","has-post-thumbnail","hentry","category-destacadas","category-politica","tag-feriado-nacional","tag-seleccion-argentina"],"_links":{"self":[{"href":"https:\/\/sectorprensa.com.ar\/index.php?rest_route=\/wp\/v2\/posts\/50587","targetHints":{"allow":["GET"]}}],"collection":[{"href":"https:\/\/sectorprensa.com.ar\/index.php?rest_route=\/wp\/v2\/posts"}],"about":[{"href":"https:\/\/sectorprensa.com.ar\/index.php?rest_route=\/wp\/v2\/types\/post"}],"author":[{"embeddable":true,"href":"https:\/\/sectorprensa.com.ar\/index.php?rest_route=\/wp\/v2\/users\/1"}],"replies":[{"embeddable":true,"href":"https:\/\/sectorprensa.com.ar\/index.php?rest_route=%2Fwp%2Fv2%2Fcomments&post=50587"}],"version-history":[{"count":1,"href":"https:\/\/sectorprensa.com.ar\/index.php?rest_route=\/wp\/v2\/posts\/50587\/revisions"}],"predecessor-version":[{"id":50589,"href":"https:\/\/sectorprensa.com.ar\/index.php?rest_route=\/wp\/v2\/posts\/50587\/revisions\/50589"}],"wp:featuredmedia":[{"embeddable":true,"href":"https:\/\/sectorprensa.com.ar\/index.php?rest_route=\/wp\/v2\/media\/50588"}],"wp:attachment":[{"href":"https:\/\/sectorprensa.com.ar\/index.php?rest_route=%2Fwp%2Fv2%2Fmedia&parent=50587"}],"wp:term":[{"taxonomy":"category","embeddable":true,"href":"https:\/\/sectorprensa.com.ar\/index.php?rest_route=%2Fwp%2Fv2%2Fcategories&post=50587"},{"taxonomy":"post_tag","embeddable":true,"href":"https:\/\/sectorprensa.com.ar\/index.php?rest_route=%2Fwp%2Fv2%2Ftags&post=50587"}],"curies":[{"name":"wp","href":"https:\/\/api.w.org\/{rel}","templated":true}]}}