{"id":50809,"date":"2022-12-30T06:10:00","date_gmt":"2022-12-30T06:10:00","guid":{"rendered":"https:\/\/sectorprensa.com.ar\/?p=50809"},"modified":"2022-12-30T14:02:11","modified_gmt":"2022-12-30T14:02:11","slug":"moreno-ya-se-realizaron-500-protesis-dentales-gratuitas","status":"publish","type":"post","link":"https:\/\/sectorprensa.com.ar\/?p=50809","title":{"rendered":"Moreno: ya se realizaron 500 pr\u00f3tesis dentales gratuitas"},"content":{"rendered":"\n<h6 class=\"wp-block-heading\"><strong>La atenci\u00f3n es gratuita y funciona en el Centro Integrador Comunitario CIC \u201cLa Bibiana\u201d.<\/strong><\/h6>\n\n\n\n<p>Con el objetivo de mejorar la calidad de vida de las y los vecinos, generar conciencia sobre la importancia de la salud bucal, y en pos de un pleno desarrollo en la vida laboral y social de cada morenense, el Municipio realiza pr\u00f3tesis dentales a personas de 18 a 65 a\u00f1os de edad que no tengan acceso o no cuenten con una obra social. La atenci\u00f3n es gratuita.<\/p>\n\n\n\n<p>En el marco del Programa de Odontolog\u00eda Comunitaria durante el 2022 se realizaron 500 nuevas pr\u00f3tesis, con un promedio de 50 instalaciones de pr\u00f3tesis al mes.<\/p>\n\n\n\n<figure class=\"wp-block-embed is-type-rich is-provider-twitter wp-block-embed-twitter\"><div class=\"wp-block-embed__wrapper\">\n<blockquote class=\"twitter-tweet\" data-width=\"550\" data-dnt=\"true\"><p lang=\"es\" dir=\"ltr\">Nuestro laboratorio dental y consultorio odontol\u00f3gico se encuentra en el \ud83d\udccd Centro Integrador Comunitario CIC \u201cLa Bibiana\u201d, en Moreno Norte. <a href=\"https:\/\/t.co\/yTQlBNwMVj\">pic.twitter.com\/yTQlBNwMVj<\/a><\/p>&mdash; Moreno (@MorenoMunicip) <a href=\"https:\/\/twitter.com\/MorenoMunicip\/status\/1608167774550986752?ref_src=twsrc%5Etfw\">December 28, 2022<\/a><\/blockquote><script async src=\"https:\/\/platform.twitter.com\/widgets.js\" charset=\"utf-8\"><\/script>\n<\/div><\/figure>\n\n\n\n<p>Este servicio gratuito de salud funciona en el Centro Integrador Comunitario CIC \u201cLa Bibiana\u201d, de la localidad de Moreno Norte, y cuenta con un laboratorio dental y un consultorio odontol\u00f3gico. El equipo que lo lleva a cabo est\u00e1 conformado por dos profesionales odontol\u00f3gicos, cuatro t\u00e9cnicos de laboratorio y un asistente.<\/p>\n\n\n\n<p>Las y los pacientes se anotan en una lista de espera realizada a partir de las derivaciones de las Unidades Sanitarias y el Hospital Mariano y Luciano de la Vega. Estas personas son derivadas luego de haber completado el primer nivel de atenci\u00f3n, para luego ser rehabilitadas y ser parcial o totalmente desdentadas.<\/p>\n\n\n\n<figure class=\"wp-block-embed is-type-rich is-provider-twitter wp-block-embed-twitter\"><div class=\"wp-block-embed__wrapper\">\n<blockquote class=\"twitter-tweet\" data-width=\"550\" data-dnt=\"true\"><p lang=\"es\" dir=\"ltr\">Seguimos cuidando la salud de nuestras vecinas y vecinos para que se desarrollen plenamente en su \u00e1mbito laboral y social  \ud83d\udc99<\/p>&mdash; Moreno (@MorenoMunicip) <a href=\"https:\/\/twitter.com\/MorenoMunicip\/status\/1608167834093293568?ref_src=twsrc%5Etfw\">December 28, 2022<\/a><\/blockquote><script async src=\"https:\/\/platform.twitter.com\/widgets.js\" charset=\"utf-8\"><\/script>\n<\/div><\/figure>\n\n\n\n<p>Cabe destacar la importancia de la rehabilitaci\u00f3n mediante pr\u00f3tesis dentales que son removibles de acr\u00edlico, parciales o totales que permite que las personas tengan una buena masticaci\u00f3n, un mejor aspecto est\u00e9tico y un bienestar en su salud. La rehabilitaci\u00f3n se realiza en aproximadamente cuatro sesiones donde se hace la toma de impresiones, pruebas y las pr\u00f3tesis se entregan en el plazo de un mes.<\/p>\n\n\n\n<figure class=\"wp-block-embed is-type-wp-embed is-provider-sector-prensa wp-block-embed-sector-prensa\"><div class=\"wp-block-embed__wrapper\">\n<blockquote class=\"wp-embedded-content\" data-secret=\"QW140ViL0y\"><a href=\"https:\/\/sectorprensa.com.ar\/2022\/12\/29\/mas-de-10-mil-morenenses-se-capacitaron-en-los-cursos-de-formacion-municipales\/\">M\u00e1s de 10 mil morenenses se capacitaron en los cursos de formaci\u00f3n municipales<\/a><\/blockquote><iframe loading=\"lazy\" class=\"wp-embedded-content\" sandbox=\"allow-scripts\" security=\"restricted\" style=\"position: absolute; clip: rect(1px, 1px, 1px, 1px);\" title=\"\u00abM\u00e1s de 10 mil morenenses se capacitaron en los cursos de formaci\u00f3n municipales\u00bb \u2014 Sector Prensa\" src=\"https:\/\/sectorprensa.com.ar\/2022\/12\/29\/mas-de-10-mil-morenenses-se-capacitaron-en-los-cursos-de-formacion-municipales\/embed\/#?secret=WmfIRHJARP#?secret=QW140ViL0y\" data-secret=\"QW140ViL0y\" width=\"600\" height=\"338\" frameborder=\"0\" marginwidth=\"0\" marginheight=\"0\" scrolling=\"no\"><\/iframe>\n<\/div><\/figure>\n\r\n","protected":false},"excerpt":{"rendered":"<p>La atenci\u00f3n es gratuita y funciona en el Centro Integrador Comunitario CIC \u201cLa Bibiana\u201d. Con el objetivo de mejorar la<\/p>\n","protected":false},"author":1,"featured_media":50810,"comment_status":"closed","ping_status":"closed","sticky":false,"template":"","format":"standard","meta":{"colormag_page_container_layout":"default_layout","colormag_page_sidebar_layout":"default_layout","footnotes":""},"categories":[17,2154,1173,10],"tags":[6533,7328,135],"class_list":["post-50809","post","type-post","status-publish","format-standard","has-post-thumbnail","hentry","category-destacadas","category-moreno","category-municipales","category-sociedad","tag-centro-odontologico","tag-protesis-dentales","tag-salud"],"_links":{"self":[{"href":"https:\/\/sectorprensa.com.ar\/index.php?rest_route=\/wp\/v2\/posts\/50809","targetHints":{"allow":["GET"]}}],"collection":[{"href":"https:\/\/sectorprensa.com.ar\/index.php?rest_route=\/wp\/v2\/posts"}],"about":[{"href":"https:\/\/sectorprensa.com.ar\/index.php?rest_route=\/wp\/v2\/types\/post"}],"author":[{"embeddable":true,"href":"https:\/\/sectorprensa.com.ar\/index.php?rest_route=\/wp\/v2\/users\/1"}],"replies":[{"embeddable":true,"href":"https:\/\/sectorprensa.com.ar\/index.php?rest_route=%2Fwp%2Fv2%2Fcomments&post=50809"}],"version-history":[{"count":1,"href":"https:\/\/sectorprensa.com.ar\/index.php?rest_route=\/wp\/v2\/posts\/50809\/revisions"}],"predecessor-version":[{"id":50811,"href":"https:\/\/sectorprensa.com.ar\/index.php?rest_route=\/wp\/v2\/posts\/50809\/revisions\/50811"}],"wp:featuredmedia":[{"embeddable":true,"href":"https:\/\/sectorprensa.com.ar\/index.php?rest_route=\/wp\/v2\/media\/50810"}],"wp:attachment":[{"href":"https:\/\/sectorprensa.com.ar\/index.php?rest_route=%2Fwp%2Fv2%2Fmedia&parent=50809"}],"wp:term":[{"taxonomy":"category","embeddable":true,"href":"https:\/\/sectorprensa.com.ar\/index.php?rest_route=%2Fwp%2Fv2%2Fcategories&post=50809"},{"taxonomy":"post_tag","embeddable":true,"href":"https:\/\/sectorprensa.com.ar\/index.php?rest_route=%2Fwp%2Fv2%2Ftags&post=50809"}],"curies":[{"name":"wp","href":"https:\/\/api.w.org\/{rel}","templated":true}]}}