{"id":50955,"date":"2023-01-05T06:25:00","date_gmt":"2023-01-05T06:25:00","guid":{"rendered":"https:\/\/sectorprensa.com.ar\/?p=50955"},"modified":"2023-01-05T12:18:16","modified_gmt":"2023-01-05T12:18:16","slug":"merlo-karina-menendez-visito-la-colonia-infantil-en-el-remanso","status":"publish","type":"post","link":"https:\/\/sectorprensa.com.ar\/?p=50955","title":{"rendered":"[Video] Merlo: Karina Men\u00e9ndez visit\u00f3 la colonia infantil en El Remanso"},"content":{"rendered":"\n<h6 class=\"wp-block-heading\"><strong>La intendenta visit\u00f3 una de las cuatro colonias de verano gratuitas que el Gobierno Municipal pone a disposici\u00f3n de los ni\u00f1os de 5 a 12 a\u00f1os. <\/strong><\/h6>\n\n\n\n<p>La intendenta de Merlo, Karina Men\u00e9ndez, se hizo presente en una de las 4 colonias de verano gratuitas que el Gobierno Municipal pone a disposici\u00f3n de los ni\u00f1os y ni\u00f1as merlenses de 5 a 12 a\u00f1os, donde pueden disfrutar de clases de nataci\u00f3n, propuestas recreativas y actividades de esparcimiento.<\/p>\n\n\n\n<p>La jefa comunal expres\u00f3: \u201cDesde el municipio decidimos que estas colonias sean partes de las pol\u00edticas p\u00fablicas que llevamos adelante. Esta inversi\u00f3n es para que los chicos tengan lo que realmente se merecen\u201d. Adem\u00e1s, agreg\u00f3: \u201cEsto no ser\u00eda posible sin que Gustavo apueste a estas colonias cuando asumi\u00f3 en 2015\u201d.<\/p>\n\n\n\n<figure class=\"wp-block-embed is-type-video is-provider-youtube wp-block-embed-youtube wp-embed-aspect-16-9 wp-has-aspect-ratio\"><div class=\"wp-block-embed__wrapper\">\n<iframe loading=\"lazy\" title=\"KARINA MEN\u00c9NDEZ VISIT\u00d3 LA COLONIA INFANTIL EN EL REMANSO\" width=\"800\" height=\"450\" src=\"https:\/\/www.youtube.com\/embed\/3jH0-C1aBLc?feature=oembed\" frameborder=\"0\" allow=\"accelerometer; autoplay; clipboard-write; encrypted-media; gyroscope; picture-in-picture; web-share\" allowfullscreen><\/iframe>\n<\/div><\/figure>\n\n\n\n<p>Acompa\u00f1aron la jornada en El Remanso la Secretaria de Educaci\u00f3n, Deportes y Recreaci\u00f3n, Silvana Zahana y el Subsecretario de Deportes, Mauro Schmahl, entre otros directivos del \u00e1rea municipal.<\/p>\n\n\n\n<p>Por su parte, la Secretaria de Educaci\u00f3n, Deportes y Recreaci\u00f3n manifest\u00f3: \u201cEstos espacios est\u00e1n creados para que aquellas familias que no puedan irse de vacaciones puedan de disfrutar de las actividades y de la pileta que es totalmente gratuita. Esto se trata de la justicia social\u201d.<\/p>\n\n\n\n<p>Finalmente, el Subsecretario de Deportes sostuvo que: \u201cQuiz\u00e1s no todas las familias pueden costear los gastos de una colonia privada, pero nosotros buscamos que a trav\u00e9s de estos lugares las vacaciones sean iguales para todos\u201d.<\/p>\n\n\n\n<p>Otras colonias de verano gratuitas se llevan adelante en&nbsp; el Club Argentino de Merlo, en el predio Asimra y en el Club Ferrocarril Oeste de Pontevedra.<\/p>\n\n\n\n<figure class=\"wp-block-embed is-type-wp-embed is-provider-sector-prensa wp-block-embed-sector-prensa\"><div class=\"wp-block-embed__wrapper\">\n<blockquote class=\"wp-embedded-content\" data-secret=\"gSVS96nKmY\"><a href=\"https:\/\/sectorprensa.com.ar\/2023\/01\/04\/merlo-comenzaron-las-inscripciones-a-fines-2023\/\">Merlo: comenzaron las inscripciones a FinES 2023<\/a><\/blockquote><iframe loading=\"lazy\" class=\"wp-embedded-content\" sandbox=\"allow-scripts\" security=\"restricted\" style=\"position: absolute; clip: rect(1px, 1px, 1px, 1px);\" title=\"\u00abMerlo: comenzaron las inscripciones a FinES 2023\u00bb \u2014 Sector Prensa\" src=\"https:\/\/sectorprensa.com.ar\/2023\/01\/04\/merlo-comenzaron-las-inscripciones-a-fines-2023\/embed\/#?secret=XCqYit08Vf#?secret=gSVS96nKmY\" data-secret=\"gSVS96nKmY\" width=\"600\" height=\"338\" frameborder=\"0\" marginwidth=\"0\" marginheight=\"0\" scrolling=\"no\"><\/iframe>\n<\/div><\/figure>\n\r\n","protected":false},"excerpt":{"rendered":"<p>La intendenta visit\u00f3 una de las cuatro colonias de verano gratuitas que el Gobierno Municipal pone a disposici\u00f3n de los<\/p>\n","protected":false},"author":1,"featured_media":50956,"comment_status":"closed","ping_status":"closed","sticky":false,"template":"","format":"video","meta":{"colormag_page_container_layout":"default_layout","colormag_page_sidebar_layout":"default_layout","footnotes":""},"categories":[17,7,1173,10],"tags":[4878,245,2386],"class_list":["post-50955","post","type-post","status-publish","format-video","has-post-thumbnail","hentry","category-destacadas","category-merlo","category-municipales","category-sociedad","tag-colonias-de-verano","tag-karina-menendez","tag-verano","post_format-post-format-video"],"_links":{"self":[{"href":"https:\/\/sectorprensa.com.ar\/index.php?rest_route=\/wp\/v2\/posts\/50955","targetHints":{"allow":["GET"]}}],"collection":[{"href":"https:\/\/sectorprensa.com.ar\/index.php?rest_route=\/wp\/v2\/posts"}],"about":[{"href":"https:\/\/sectorprensa.com.ar\/index.php?rest_route=\/wp\/v2\/types\/post"}],"author":[{"embeddable":true,"href":"https:\/\/sectorprensa.com.ar\/index.php?rest_route=\/wp\/v2\/users\/1"}],"replies":[{"embeddable":true,"href":"https:\/\/sectorprensa.com.ar\/index.php?rest_route=%2Fwp%2Fv2%2Fcomments&post=50955"}],"version-history":[{"count":3,"href":"https:\/\/sectorprensa.com.ar\/index.php?rest_route=\/wp\/v2\/posts\/50955\/revisions"}],"predecessor-version":[{"id":50986,"href":"https:\/\/sectorprensa.com.ar\/index.php?rest_route=\/wp\/v2\/posts\/50955\/revisions\/50986"}],"wp:featuredmedia":[{"embeddable":true,"href":"https:\/\/sectorprensa.com.ar\/index.php?rest_route=\/wp\/v2\/media\/50956"}],"wp:attachment":[{"href":"https:\/\/sectorprensa.com.ar\/index.php?rest_route=%2Fwp%2Fv2%2Fmedia&parent=50955"}],"wp:term":[{"taxonomy":"category","embeddable":true,"href":"https:\/\/sectorprensa.com.ar\/index.php?rest_route=%2Fwp%2Fv2%2Fcategories&post=50955"},{"taxonomy":"post_tag","embeddable":true,"href":"https:\/\/sectorprensa.com.ar\/index.php?rest_route=%2Fwp%2Fv2%2Ftags&post=50955"}],"curies":[{"name":"wp","href":"https:\/\/api.w.org\/{rel}","templated":true}]}}