{"id":51032,"date":"2023-01-08T01:04:00","date_gmt":"2023-01-08T01:04:00","guid":{"rendered":"https:\/\/sectorprensa.com.ar\/?p=51032"},"modified":"2023-01-08T04:03:42","modified_gmt":"2023-01-08T04:03:42","slug":"el-municipio-de-moreno-realizara-mamografias-gratuitas","status":"publish","type":"post","link":"https:\/\/sectorprensa.com.ar\/?p=51032","title":{"rendered":"El Municipio de Moreno realizar\u00e1 mamograf\u00edas gratuitas"},"content":{"rendered":"\n<h6 class=\"wp-block-heading\"><strong>Del 16 al 19 de enero en el centro de unidad de pronta atenci\u00f3n UPA 12<\/strong>.<\/h6>\n\n\n\n<p>Con el objetivo de promover los cuidados mamarios y la&nbsp;detecci\u00f3n temprana de C\u00e1ncer de Mama, el Municipio de Moreno, a trav\u00e9s de la Secretaria de Salud y Ambiente, estar\u00e1 realizando&nbsp;de forma gratuita mamograf\u00edas a personas sin cobertura m\u00e9dica de entre 40 y 65 a\u00f1os.<\/p>\n\n\n\n<p>El estudio m\u00e9dico se realizar\u00e1 en el centro de&nbsp;Unidad de Pronta Atenci\u00f3n (UPA 12), ubicado en la Ruta Provincial 24 N\u00b07800, en la localidad de Cuartel V,&nbsp;a partir del d\u00eda lunes 16 hasta el jueves 19 de enero.<\/p>\n\n\n\n<p>El c\u00e1ncer de mama es la principal causa de muerte en personas de sexo femenino con esta enfermedad y el de mayor incidencia en dicha poblaci\u00f3n. En la provincia de Buenos Aires provoca alrededor de 2.300 muertes anuales y un estimado de 8.500 casos por a\u00f1o.<\/p>\n\n\n\n<p>Las personas que quieran realizarse una mamograf\u00eda deber\u00e1n reservar un turno comunic\u00e1ndose al tel\u00e9fono 11-40338270, de lunes a viernes de 8:30 a 15 horas.<\/p>\n\n\n\n<p><\/p>\n\n\n\n<figure class=\"wp-block-image size-large\"><img loading=\"lazy\" decoding=\"async\" width=\"1024\" height=\"1024\" src=\"https:\/\/sectorprensa.com.ar\/wp-content\/uploads\/2023\/01\/WhatsApp-Image-2023-01-05-at-14.42.32-1024x1024.jpeg\" alt=\"\" class=\"wp-image-51033\" srcset=\"https:\/\/sectorprensa.com.ar\/wp-content\/uploads\/2023\/01\/WhatsApp-Image-2023-01-05-at-14.42.32-1024x1024.jpeg 1024w, https:\/\/sectorprensa.com.ar\/wp-content\/uploads\/2023\/01\/WhatsApp-Image-2023-01-05-at-14.42.32-300x300.jpeg 300w, https:\/\/sectorprensa.com.ar\/wp-content\/uploads\/2023\/01\/WhatsApp-Image-2023-01-05-at-14.42.32-150x150.jpeg 150w, https:\/\/sectorprensa.com.ar\/wp-content\/uploads\/2023\/01\/WhatsApp-Image-2023-01-05-at-14.42.32-768x768.jpeg 768w, https:\/\/sectorprensa.com.ar\/wp-content\/uploads\/2023\/01\/WhatsApp-Image-2023-01-05-at-14.42.32.jpeg 1280w\" sizes=\"auto, (max-width: 1024px) 100vw, 1024px\" \/><\/figure>\n\n\n\n<figure class=\"wp-block-embed is-type-wp-embed is-provider-sector-prensa wp-block-embed-sector-prensa\"><div class=\"wp-block-embed__wrapper\">\n<blockquote class=\"wp-embedded-content\" data-secret=\"B1ezOC5CaH\"><a href=\"https:\/\/sectorprensa.com.ar\/2023\/01\/06\/moreno-continuan-las-obras-en-las-plazas\/\">Moreno: contin\u00faan las obras en las plazas<\/a><\/blockquote><iframe loading=\"lazy\" class=\"wp-embedded-content\" sandbox=\"allow-scripts\" security=\"restricted\" style=\"position: absolute; clip: rect(1px, 1px, 1px, 1px);\" title=\"\u00abMoreno: contin\u00faan las obras en las plazas\u00bb \u2014 Sector Prensa\" src=\"https:\/\/sectorprensa.com.ar\/2023\/01\/06\/moreno-continuan-las-obras-en-las-plazas\/embed\/#?secret=ADMkVgKYuE#?secret=B1ezOC5CaH\" data-secret=\"B1ezOC5CaH\" width=\"600\" height=\"338\" frameborder=\"0\" marginwidth=\"0\" marginheight=\"0\" scrolling=\"no\"><\/iframe>\n<\/div><\/figure>\n\r\n","protected":false},"excerpt":{"rendered":"<p>Del 16 al 19 de enero en el centro de unidad de pronta atenci\u00f3n UPA 12. Con el objetivo de<\/p>\n","protected":false},"author":1,"featured_media":51034,"comment_status":"closed","ping_status":"closed","sticky":false,"template":"","format":"standard","meta":{"colormag_page_container_layout":"default_layout","colormag_page_sidebar_layout":"default_layout","footnotes":""},"categories":[17,2154,1173,10],"tags":[2735,437],"class_list":["post-51032","post","type-post","status-publish","format-standard","has-post-thumbnail","hentry","category-destacadas","category-moreno","category-municipales","category-sociedad","tag-mamografias","tag-moreno"],"_links":{"self":[{"href":"https:\/\/sectorprensa.com.ar\/index.php?rest_route=\/wp\/v2\/posts\/51032","targetHints":{"allow":["GET"]}}],"collection":[{"href":"https:\/\/sectorprensa.com.ar\/index.php?rest_route=\/wp\/v2\/posts"}],"about":[{"href":"https:\/\/sectorprensa.com.ar\/index.php?rest_route=\/wp\/v2\/types\/post"}],"author":[{"embeddable":true,"href":"https:\/\/sectorprensa.com.ar\/index.php?rest_route=\/wp\/v2\/users\/1"}],"replies":[{"embeddable":true,"href":"https:\/\/sectorprensa.com.ar\/index.php?rest_route=%2Fwp%2Fv2%2Fcomments&post=51032"}],"version-history":[{"count":2,"href":"https:\/\/sectorprensa.com.ar\/index.php?rest_route=\/wp\/v2\/posts\/51032\/revisions"}],"predecessor-version":[{"id":51048,"href":"https:\/\/sectorprensa.com.ar\/index.php?rest_route=\/wp\/v2\/posts\/51032\/revisions\/51048"}],"wp:featuredmedia":[{"embeddable":true,"href":"https:\/\/sectorprensa.com.ar\/index.php?rest_route=\/wp\/v2\/media\/51034"}],"wp:attachment":[{"href":"https:\/\/sectorprensa.com.ar\/index.php?rest_route=%2Fwp%2Fv2%2Fmedia&parent=51032"}],"wp:term":[{"taxonomy":"category","embeddable":true,"href":"https:\/\/sectorprensa.com.ar\/index.php?rest_route=%2Fwp%2Fv2%2Fcategories&post=51032"},{"taxonomy":"post_tag","embeddable":true,"href":"https:\/\/sectorprensa.com.ar\/index.php?rest_route=%2Fwp%2Fv2%2Ftags&post=51032"}],"curies":[{"name":"wp","href":"https:\/\/api.w.org\/{rel}","templated":true}]}}