{"id":51044,"date":"2023-01-08T01:00:00","date_gmt":"2023-01-08T01:00:00","guid":{"rendered":"https:\/\/sectorprensa.com.ar\/?p=51044"},"modified":"2023-01-08T04:02:51","modified_gmt":"2023-01-08T04:02:51","slug":"video-los-reyes-magos-visitaron-los-barrios-de-merlo","status":"publish","type":"post","link":"https:\/\/sectorprensa.com.ar\/?p=51044","title":{"rendered":"[Video] Los Reyes Magos visitaron los barrios de Merlo"},"content":{"rendered":"\n<h6 class=\"wp-block-heading\"><strong>\u201cTratamos de llevar alegr\u00eda a las familias y acompa\u00f1arlas\u201d, dijo el concejal Juan Manuel Lippo. M\u00e1s de 45.000 juguetes fueron entregados en diferentes puntos del distrito.<\/strong><\/h6>\n\n\n\n<p>Para festejar el D\u00eda de Reyes, Melchor, Gaspar y Baltasar recorrieron distintos barrios de Merlo para entregar sus regalos a los ni\u00f1os y ni\u00f1as que se iban acercando junto a sus familias.<\/p>\n\n\n\n<p>M\u00e1s de 45.000 juguetes fueron entregados en diferentes puntos del distrito. Cabe mencionar que todos los juguetes eran nuevos, distintivos y de excelente calidad.<\/p>\n\n\n\n<figure class=\"wp-block-embed is-type-video is-provider-youtube wp-block-embed-youtube wp-embed-aspect-16-9 wp-has-aspect-ratio\"><div class=\"wp-block-embed__wrapper\">\n<iframe loading=\"lazy\" title=\"LOS REYES MAGOS VISITARON LOS BARRIOS DE MERLO\" width=\"800\" height=\"450\" src=\"https:\/\/www.youtube.com\/embed\/nnd2dauzVQU?feature=oembed\" frameborder=\"0\" allow=\"accelerometer; autoplay; clipboard-write; encrypted-media; gyroscope; picture-in-picture; web-share\" allowfullscreen><\/iframe>\n<\/div><\/figure>\n\n\n\n<p>La actividad fue llevada adelante por la Secretar\u00eda de Desarrollo e Integraci\u00f3n Social, con el fin de brindar alegr\u00eda en los hogares de los barrios m\u00e1s vulnerables del distrito, asegurando un regalo en este d\u00eda tan especial para los m\u00e1s chicos de la casa.<\/p>\n\n\n\n<p>Los ni\u00f1os se sacaron fotos con&nbsp;los Reyes Magos&nbsp;y pasaron una tarde llena de magia y amor en compa\u00f1\u00eda de sus personajes preferidos.<\/p>\n\n\n\n<p>El Director de Servidores Comunitarios, Lucas Alfonso, sostuvo: \u201cEstamos siempre pensando en las ni\u00f1eces y juventudes como lo hace Gustavo y Karina Men\u00e9ndez quienes decidieron realizar esta jornada\u201d.&nbsp;<\/p>\n\n\n\n<p>Por su parte el concejal Juan Manuel Lippo manifest\u00f3: \u201cTratamos de llevar alegr\u00eda a las familias y acompa\u00f1arlas\u201d y agreg\u00f3: \u201choy entregamos juguetes, golosinas, pan dulce y budines, distintos recursos que desde la Secretar\u00eda de Desarrollo Social nos pudieron facilitar y que est\u00e1n siempre al servicio de los vecinos\u201d.&nbsp;<\/p>\n\n\n\n<p>De esta manera, el Gobierno del Pueblo de Merlo a cargo de la Sra. Intendenta Karina Men\u00e9ndez,&nbsp;afirma su compromiso de mantener un Estado presente con la comunidad.<\/p>\n\n\n\n<figure class=\"wp-block-embed is-type-wp-embed is-provider-sector-prensa wp-block-embed-sector-prensa\"><div class=\"wp-block-embed__wrapper\">\n<blockquote class=\"wp-embedded-content\" data-secret=\"nH2uh5lB8y\"><a href=\"https:\/\/sectorprensa.com.ar\/2023\/01\/07\/merlo-lleva-adelante-el-programa-danzamos-las-emociones\/\">Merlo lleva adelante el programa &#8220;Danzamos las emociones&#8221;<\/a><\/blockquote><iframe loading=\"lazy\" class=\"wp-embedded-content\" sandbox=\"allow-scripts\" security=\"restricted\" style=\"position: absolute; clip: rect(1px, 1px, 1px, 1px);\" title=\"\u00abMerlo lleva adelante el programa &#8220;Danzamos las emociones&#8221;\u00bb \u2014 Sector Prensa\" src=\"https:\/\/sectorprensa.com.ar\/2023\/01\/07\/merlo-lleva-adelante-el-programa-danzamos-las-emociones\/embed\/#?secret=BhGCinliOh#?secret=nH2uh5lB8y\" data-secret=\"nH2uh5lB8y\" width=\"600\" height=\"338\" frameborder=\"0\" marginwidth=\"0\" marginheight=\"0\" scrolling=\"no\"><\/iframe>\n<\/div><\/figure>\n\r\n","protected":false},"excerpt":{"rendered":"<p>\u201cTratamos de llevar alegr\u00eda a las familias y acompa\u00f1arlas\u201d, dijo el concejal Juan Manuel Lippo. M\u00e1s de 45.000 juguetes fueron<\/p>\n","protected":false},"author":1,"featured_media":51045,"comment_status":"closed","ping_status":"closed","sticky":false,"template":"","format":"video","meta":{"colormag_page_container_layout":"default_layout","colormag_page_sidebar_layout":"default_layout","footnotes":""},"categories":[6828,7,1173,10],"tags":[816,25,843],"class_list":["post-51044","post","type-post","status-publish","format-video","has-post-thumbnail","hentry","category-mas-destacadas","category-merlo","category-municipales","category-sociedad","tag-juguetes","tag-merlo","tag-reyes-magos","post_format-post-format-video"],"_links":{"self":[{"href":"https:\/\/sectorprensa.com.ar\/index.php?rest_route=\/wp\/v2\/posts\/51044","targetHints":{"allow":["GET"]}}],"collection":[{"href":"https:\/\/sectorprensa.com.ar\/index.php?rest_route=\/wp\/v2\/posts"}],"about":[{"href":"https:\/\/sectorprensa.com.ar\/index.php?rest_route=\/wp\/v2\/types\/post"}],"author":[{"embeddable":true,"href":"https:\/\/sectorprensa.com.ar\/index.php?rest_route=\/wp\/v2\/users\/1"}],"replies":[{"embeddable":true,"href":"https:\/\/sectorprensa.com.ar\/index.php?rest_route=%2Fwp%2Fv2%2Fcomments&post=51044"}],"version-history":[{"count":2,"href":"https:\/\/sectorprensa.com.ar\/index.php?rest_route=\/wp\/v2\/posts\/51044\/revisions"}],"predecessor-version":[{"id":51049,"href":"https:\/\/sectorprensa.com.ar\/index.php?rest_route=\/wp\/v2\/posts\/51044\/revisions\/51049"}],"wp:featuredmedia":[{"embeddable":true,"href":"https:\/\/sectorprensa.com.ar\/index.php?rest_route=\/wp\/v2\/media\/51045"}],"wp:attachment":[{"href":"https:\/\/sectorprensa.com.ar\/index.php?rest_route=%2Fwp%2Fv2%2Fmedia&parent=51044"}],"wp:term":[{"taxonomy":"category","embeddable":true,"href":"https:\/\/sectorprensa.com.ar\/index.php?rest_route=%2Fwp%2Fv2%2Fcategories&post=51044"},{"taxonomy":"post_tag","embeddable":true,"href":"https:\/\/sectorprensa.com.ar\/index.php?rest_route=%2Fwp%2Fv2%2Ftags&post=51044"}],"curies":[{"name":"wp","href":"https:\/\/api.w.org\/{rel}","templated":true}]}}