{"id":51055,"date":"2023-01-09T00:15:00","date_gmt":"2023-01-09T00:15:00","guid":{"rendered":"https:\/\/sectorprensa.com.ar\/?p=51055"},"modified":"2023-01-09T13:40:49","modified_gmt":"2023-01-09T13:40:49","slug":"massa-se-puede-pelear-contra-la-inflacion","status":"publish","type":"post","link":"https:\/\/sectorprensa.com.ar\/?p=51055","title":{"rendered":"Sergio Massa: \u00abSe puede pelear contra la inflaci\u00f3n\u00bb"},"content":{"rendered":"\n<h6 class=\"wp-block-heading\"><strong>El ministro de Econom\u00eda anticip\u00f3 que la inflaci\u00f3n de diciembre termin\u00f3 por abajo del 5% y ratific\u00f3 su meta de que en abril el IPC registre un n\u00famero \u00abque empiece con 3\u00bb&nbsp;<\/strong><\/h6>\n\n\n\n<p>El ministro de Econom\u00eda, Sergio Massa, anticip\u00f3 que&nbsp;la inflaci\u00f3n de diciembre termin\u00f3 por abajo del 5% al igual de lo ocurrido en noviembre, cuando el \u00cdndice de Precios al Consumidor (IPC) dio un 4,9%.<\/p>\n\n\n\n<p>\u00abDiciembre, de acuerdo a la proyecci\u00f3n de la Secretar\u00eda de Programaci\u00f3n Econ\u00f3mica, estar\u00eda tambi\u00e9n con el cuatro adelante.&nbsp;Vamos a ver cuando el INDEC publique\u00bb, se\u00f1al\u00f3 Massa.&nbsp;El titular del Palacio de Hacienda&nbsp;destac\u00f3 la ca\u00edda del costo de vida desde el momento en el que lleg\u00f3 al cargo y ratific\u00f3 que en abril el IPC va a dar un n\u00famero \u00abque empiece con 3\u00bb.<\/p>\n\n\n\n<p>\u00abExactamente, \u00e9se fue el objetivo que nos pusimos. Arrancamos con la inflaci\u00f3n que estaba en 7,4% y en los primeros sesenta d\u00edas estacionamos en el 6% 6,4%, 6,3%\u00bb, se\u00f1al\u00f3.&nbsp;<\/p>\n\n\n\n<p>Al respecto, dijo: \u00abEn Econom\u00eda aspir\u00e1bamos a que noviembre y diciembre se estacionaran con el 5% y, en enero, tratar de estacionar alrededor del 5%.&nbsp;El n\u00famero de noviembre nos llam\u00f3 la atenci\u00f3n&nbsp;porque se produjo sobre todo en alimentos y en indumentaria, que fueron los dos acuerdos m\u00e1s importantes que cerramos, una desaceleraci\u00f3n muy fuerte\u00bb.<\/p>\n\n\n\n<p>M\u00e1s all\u00e1 de su valoraci\u00f3n en la merma de la inflaci\u00f3n en los \u00faltimos meses, insisti\u00f3 en que su meta es llegar a abril con un \u00edndice de precios \u00abcon el 3 adelante\u00bb, porque&nbsp;\u00abla inflaci\u00f3n a mi gusto, todav\u00eda es alta\u00bb y porque \u00abel peor enemigo del salario es la inflaci\u00f3n.\u00bb<\/p>\n\n\n\n<p>Los datos oficiales sobre inflaci\u00f3n de diciembre reci\u00e9n se conocer\u00e1n el pr\u00f3ximo jueves 12 de enero.<\/p>\n\n\n\n<p>Adem\u00e1s, Massa afirm\u00f3 que&nbsp;el crecimiento del Producto Bruto del a\u00f1o 2022 estar\u00e1 \u00abmuy por arriba del 5%\u00bb&nbsp;y remarc\u00f3 que \u00abse puede&nbsp;pelear contra la inflaci\u00f3n y ordenar el gasto sin enfriar la econom\u00eda y plantear ajustes dolorosos\u00bb,&nbsp;dijo en una entrevista con el diario Perfil.<\/p>\n\n\n\n<p>Tambi\u00e9n asegur\u00f3 a los inversores que \u00abvan a tener todo nuestro respaldo\u00bb e inst\u00f3 a que \u00abque trabajemos para recuperar el ingreso, porque la clase media y los laburantes argentinos la pasaron mal\u00bb.<\/p>\n\n\n\n<p>Se\u00f1al\u00f3 que su expectativa para 2023 es \u00abcrecer m\u00e1s de tres puntos\u00bb,&nbsp;y remarc\u00f3 que \u00abel camino es recuperaci\u00f3n de cr\u00e9dito, recuperaci\u00f3n de capacidad de consumo, y el otro gran camino es la recuperaci\u00f3n de ingreso\u00bb.<\/p>\n\n\n\n<p>En cuanto al mercado cambiario, Massa defini\u00f3 que su objetivo \u00abes construir un camino que nos lleve a un r\u00e9gimen de normalizaci\u00f3n cambiaria y de acceso al mercado de capitales\u00bb.<\/p>\n\n\n\n<figure class=\"wp-block-embed is-type-wp-embed is-provider-sector-prensa wp-block-embed-sector-prensa\"><div class=\"wp-block-embed__wrapper\">\n<blockquote class=\"wp-embedded-content\" data-secret=\"TzREuIJoHM\"><a href=\"https:\/\/sectorprensa.com.ar\/2023\/01\/08\/en-2022-se-duplico-el-precio-de-los-alimentos\/\">En 2022 se duplic\u00f3 el precio de los alimentos<\/a><\/blockquote><iframe loading=\"lazy\" class=\"wp-embedded-content\" sandbox=\"allow-scripts\" security=\"restricted\" style=\"position: absolute; clip: rect(1px, 1px, 1px, 1px);\" title=\"\u00abEn 2022 se duplic\u00f3 el precio de los alimentos\u00bb \u2014 Sector Prensa\" src=\"https:\/\/sectorprensa.com.ar\/2023\/01\/08\/en-2022-se-duplico-el-precio-de-los-alimentos\/embed\/#?secret=fykNADGQBP#?secret=TzREuIJoHM\" data-secret=\"TzREuIJoHM\" width=\"600\" height=\"338\" frameborder=\"0\" marginwidth=\"0\" marginheight=\"0\" scrolling=\"no\"><\/iframe>\n<\/div><\/figure>\n\r\n","protected":false},"excerpt":{"rendered":"<p>El ministro de Econom\u00eda anticip\u00f3 que la inflaci\u00f3n de diciembre termin\u00f3 por abajo del 5% y ratific\u00f3 su meta de<\/p>\n","protected":false},"author":1,"featured_media":51056,"comment_status":"closed","ping_status":"closed","sticky":false,"template":"","format":"standard","meta":{"colormag_page_container_layout":"default_layout","colormag_page_sidebar_layout":"default_layout","footnotes":""},"categories":[17,8],"tags":[5564,4131,248],"class_list":["post-51055","post","type-post","status-publish","format-standard","has-post-thumbnail","hentry","category-destacadas","category-politica","tag-economia","tag-inflacion","tag-sergio-massa"],"_links":{"self":[{"href":"https:\/\/sectorprensa.com.ar\/index.php?rest_route=\/wp\/v2\/posts\/51055","targetHints":{"allow":["GET"]}}],"collection":[{"href":"https:\/\/sectorprensa.com.ar\/index.php?rest_route=\/wp\/v2\/posts"}],"about":[{"href":"https:\/\/sectorprensa.com.ar\/index.php?rest_route=\/wp\/v2\/types\/post"}],"author":[{"embeddable":true,"href":"https:\/\/sectorprensa.com.ar\/index.php?rest_route=\/wp\/v2\/users\/1"}],"replies":[{"embeddable":true,"href":"https:\/\/sectorprensa.com.ar\/index.php?rest_route=%2Fwp%2Fv2%2Fcomments&post=51055"}],"version-history":[{"count":4,"href":"https:\/\/sectorprensa.com.ar\/index.php?rest_route=\/wp\/v2\/posts\/51055\/revisions"}],"predecessor-version":[{"id":51075,"href":"https:\/\/sectorprensa.com.ar\/index.php?rest_route=\/wp\/v2\/posts\/51055\/revisions\/51075"}],"wp:featuredmedia":[{"embeddable":true,"href":"https:\/\/sectorprensa.com.ar\/index.php?rest_route=\/wp\/v2\/media\/51056"}],"wp:attachment":[{"href":"https:\/\/sectorprensa.com.ar\/index.php?rest_route=%2Fwp%2Fv2%2Fmedia&parent=51055"}],"wp:term":[{"taxonomy":"category","embeddable":true,"href":"https:\/\/sectorprensa.com.ar\/index.php?rest_route=%2Fwp%2Fv2%2Fcategories&post=51055"},{"taxonomy":"post_tag","embeddable":true,"href":"https:\/\/sectorprensa.com.ar\/index.php?rest_route=%2Fwp%2Fv2%2Ftags&post=51055"}],"curies":[{"name":"wp","href":"https:\/\/api.w.org\/{rel}","templated":true}]}}