{"id":51136,"date":"2023-01-12T00:05:00","date_gmt":"2023-01-12T00:05:00","guid":{"rendered":"https:\/\/sectorprensa.com.ar\/?p=51136"},"modified":"2023-01-12T12:17:02","modified_gmt":"2023-01-12T12:17:02","slug":"alberto-fernandez-se-reunio-con-la-nueva-titular-del-inadi","status":"publish","type":"post","link":"https:\/\/sectorprensa.com.ar\/?p=51136","title":{"rendered":"Alberto Fern\u00e1ndez se reuni\u00f3 con la nueva titular del INADI"},"content":{"rendered":"\n<h6 class=\"wp-block-heading\"><strong>\u201cMediante la educaci\u00f3n, la difusi\u00f3n de derechos, y el fortalecimiento de la sociedad civil de cada tem\u00e1tica, buscaremos el resguardo de nuestros valores como Naci\u00f3n\u201d, expres\u00f3 Greta Pena, reemplazante de Victoria Donda.<\/strong><\/h6>\n\n\n\n<p>El presidente de la Naci\u00f3n,&nbsp;Alberto Fern\u00e1ndez, se reuni\u00f3 el martes en Casa Rosada con la nueva interventora del Instituto Nacional contra la Discriminaci\u00f3n, la Xenofobia y el Racismo (INADI),&nbsp;Greta Pena.<\/p>\n\n\n\n<p>La funcionaria fue designada por el Decreto 15\/2023, publicado en el Bolet\u00edn Oficial, a trav\u00e9s del cual se acept\u00f3 su renuncia al cargo de subsecretaria de Pol\u00edticas de Diversidad del Ministerio de las Mujeres, G\u00e9neros y Diversidad.<\/p>\n\n\n\n<figure class=\"wp-block-embed is-type-rich is-provider-twitter wp-block-embed-twitter\"><div class=\"wp-block-embed__wrapper\">\n<blockquote class=\"twitter-tweet\" data-width=\"550\" data-dnt=\"true\"><p lang=\"es\" dir=\"ltr\">Me reun\u00ed con la nueva titular del <a href=\"https:\/\/twitter.com\/inadi?ref_src=twsrc%5Etfw\">@inadi<\/a>, <a href=\"https:\/\/twitter.com\/gretapena?ref_src=twsrc%5Etfw\">@gretapena<\/a>. Ha hecho un gran trabajo como subsecretaria de Pol\u00edticas de Diversidad del <a href=\"https:\/\/twitter.com\/MinGenerosAR?ref_src=twsrc%5Etfw\">@MinGenerosAR<\/a> y s\u00e9 que continuar\u00e1 resguardando la igualdad, la libertad y la justicia social con m\u00e1s educaci\u00f3n y derechos para nuestra sociedad \ud83c\udde6\ud83c\uddf7 <a href=\"https:\/\/t.co\/ITBcFp3HC8\">pic.twitter.com\/ITBcFp3HC8<\/a><\/p>&mdash; Alberto Fern\u00e1ndez (@alferdez) <a href=\"https:\/\/twitter.com\/alferdez\/status\/1612862960757608474?ref_src=twsrc%5Etfw\">January 10, 2023<\/a><\/blockquote><script async src=\"https:\/\/platform.twitter.com\/widgets.js\" charset=\"utf-8\"><\/script>\n<\/div><\/figure>\n\n\n\n<p>\u201cLe agradezco al Presidente haberme honrado con la responsabilidad de estar al frente de un organismo como el INADI que a 40 a\u00f1os de la vuelta de la democracia, es una agencia vital del Estado nacional\u201d, expres\u00f3 Pena.<\/p>\n\n\n\n<p>Asimismo, reflexion\u00f3: \u201cmediante la educaci\u00f3n, la difusi\u00f3n de derechos, y el fortalecimiento de la sociedad civil de cada tem\u00e1tica, buscaremos el resguardo de nuestros valores como Naci\u00f3n\u201d.<\/p>\n\n\n\n<p>\u201cNo son otros que la igualdad, la libertad y la justicia social, que contribuye a la generaci\u00f3n de pol\u00edticas p\u00fablicas transversalizando el principio de igualdad y no discriminaci\u00f3n\u201d, complet\u00f3 la reemplazante de&nbsp;Victoria Donda.&nbsp;<\/p>\n\n\n\n<figure class=\"wp-block-embed is-type-wp-embed is-provider-sector-prensa wp-block-embed-sector-prensa\"><div class=\"wp-block-embed__wrapper\">\n<blockquote class=\"wp-embedded-content\" data-secret=\"TDh7lwUenb\"><a href=\"https:\/\/sectorprensa.com.ar\/2022\/12\/30\/victoria-donda-renuncio-al-inadi\/\">Victoria Donda renunci\u00f3 al INADI<\/a><\/blockquote><iframe loading=\"lazy\" class=\"wp-embedded-content\" sandbox=\"allow-scripts\" security=\"restricted\" style=\"position: absolute; clip: rect(1px, 1px, 1px, 1px);\" title=\"\u00abVictoria Donda renunci\u00f3 al INADI\u00bb \u2014 Sector Prensa\" src=\"https:\/\/sectorprensa.com.ar\/2022\/12\/30\/victoria-donda-renuncio-al-inadi\/embed\/#?secret=aTTSkgQgpL#?secret=TDh7lwUenb\" data-secret=\"TDh7lwUenb\" width=\"600\" height=\"338\" frameborder=\"0\" marginwidth=\"0\" marginheight=\"0\" scrolling=\"no\"><\/iframe>\n<\/div><\/figure>\n\r\n","protected":false},"excerpt":{"rendered":"<p>\u201cMediante la educaci\u00f3n, la difusi\u00f3n de derechos, y el fortalecimiento de la sociedad civil de cada tem\u00e1tica, buscaremos el resguardo<\/p>\n","protected":false},"author":1,"featured_media":51137,"comment_status":"closed","ping_status":"closed","sticky":false,"template":"","format":"standard","meta":{"colormag_page_container_layout":"default_layout","colormag_page_sidebar_layout":"default_layout","footnotes":""},"categories":[17,8],"tags":[3030,7353,30,2303],"class_list":["post-51136","post","type-post","status-publish","format-standard","has-post-thumbnail","hentry","category-destacadas","category-politica","tag-alberto-fernandez","tag-greta-pena","tag-inadi","tag-victoria-donda"],"_links":{"self":[{"href":"https:\/\/sectorprensa.com.ar\/index.php?rest_route=\/wp\/v2\/posts\/51136","targetHints":{"allow":["GET"]}}],"collection":[{"href":"https:\/\/sectorprensa.com.ar\/index.php?rest_route=\/wp\/v2\/posts"}],"about":[{"href":"https:\/\/sectorprensa.com.ar\/index.php?rest_route=\/wp\/v2\/types\/post"}],"author":[{"embeddable":true,"href":"https:\/\/sectorprensa.com.ar\/index.php?rest_route=\/wp\/v2\/users\/1"}],"replies":[{"embeddable":true,"href":"https:\/\/sectorprensa.com.ar\/index.php?rest_route=%2Fwp%2Fv2%2Fcomments&post=51136"}],"version-history":[{"count":2,"href":"https:\/\/sectorprensa.com.ar\/index.php?rest_route=\/wp\/v2\/posts\/51136\/revisions"}],"predecessor-version":[{"id":51169,"href":"https:\/\/sectorprensa.com.ar\/index.php?rest_route=\/wp\/v2\/posts\/51136\/revisions\/51169"}],"wp:featuredmedia":[{"embeddable":true,"href":"https:\/\/sectorprensa.com.ar\/index.php?rest_route=\/wp\/v2\/media\/51137"}],"wp:attachment":[{"href":"https:\/\/sectorprensa.com.ar\/index.php?rest_route=%2Fwp%2Fv2%2Fmedia&parent=51136"}],"wp:term":[{"taxonomy":"category","embeddable":true,"href":"https:\/\/sectorprensa.com.ar\/index.php?rest_route=%2Fwp%2Fv2%2Fcategories&post=51136"},{"taxonomy":"post_tag","embeddable":true,"href":"https:\/\/sectorprensa.com.ar\/index.php?rest_route=%2Fwp%2Fv2%2Ftags&post=51136"}],"curies":[{"name":"wp","href":"https:\/\/api.w.org\/{rel}","templated":true}]}}