{"id":51140,"date":"2023-01-12T00:06:00","date_gmt":"2023-01-12T00:06:00","guid":{"rendered":"https:\/\/sectorprensa.com.ar\/?p=51140"},"modified":"2023-01-12T12:14:10","modified_gmt":"2023-01-12T12:14:10","slug":"hurlingham-hallaron-el-cadaver-de-un-hombre-calcinado","status":"publish","type":"post","link":"https:\/\/sectorprensa.com.ar\/?p=51140","title":{"rendered":"Hurlingham: hallaron el cad\u00e1ver de un hombre calcinado"},"content":{"rendered":"\n<h6 class=\"wp-block-heading\"><strong>Fue tras la denuncia de vecinos que observaron el macabro hallazgo. El sujeto ten\u00eda alrededor de 50 a\u00f1os de edad. Buscan identificarlo.<\/strong><\/h6>\n\n\n\n<p>Un macabro hallazgo se produjo en las \u00faltimas horas en Hurlingham donde el cad\u00e1ver calcinado y desnudo de un hombre fue encontrado en un predio perteneciente a la Ceamse.<\/p>\n\n\n\n<p>Fueron dos personas que pasaban por el Parque San Francisco, ubicado en el Camino del Buen Ayre y Roca, quienes observaron todo y decidieron comunicarse con el 911.<\/p>\n\n\n\n<p>Por el momento el cad\u00e1ver no fue identificado aunque se sabe que ten\u00eda unos 50 a\u00f1os de edad y que su data de muerte es de entre 48 y 72 horas atr\u00e1s.<\/p>\n\n\n\n<p>Muy cerca del cuerpo quemado se hallaron prendas de vestir, un camper\u00f3n tipo chaleco de color azul, un calzoncillo, un pantal\u00f3n y un juego de llaves, adem\u00e1s de un encendedor de color verde.<\/p>\n\n\n\n<p>El caso es investigado por el fiscal&nbsp;Claudio Oviedo, de la UFI N\u00ba 5 del Departamento Judicial Mor\u00f3n, quien orden\u00f3 realizarle la autopsia al cuerpo para saber cu\u00e1l fue la causa de muerte e intentar identificarlo.<\/p>\n\n\n\n<figure class=\"wp-block-embed is-type-wp-embed is-provider-sector-prensa wp-block-embed-sector-prensa\"><div class=\"wp-block-embed__wrapper\">\n<blockquote class=\"wp-embedded-content\" data-secret=\"odP6KfKbt0\"><a href=\"https:\/\/sectorprensa.com.ar\/2023\/01\/11\/video-estacion-hurlingham-mujer-robo-un-celular-y-fue-detenida\/\">[Video] Estaci\u00f3n Hurlingham: mujer rob\u00f3 un celular y fue detenida<\/a><\/blockquote><iframe loading=\"lazy\" class=\"wp-embedded-content\" sandbox=\"allow-scripts\" security=\"restricted\" style=\"position: absolute; clip: rect(1px, 1px, 1px, 1px);\" title=\"\u00ab[Video] Estaci\u00f3n Hurlingham: mujer rob\u00f3 un celular y fue detenida\u00bb \u2014 Sector Prensa\" src=\"https:\/\/sectorprensa.com.ar\/2023\/01\/11\/video-estacion-hurlingham-mujer-robo-un-celular-y-fue-detenida\/embed\/#?secret=wm21OQqZLq#?secret=odP6KfKbt0\" data-secret=\"odP6KfKbt0\" width=\"600\" height=\"338\" frameborder=\"0\" marginwidth=\"0\" marginheight=\"0\" scrolling=\"no\"><\/iframe>\n<\/div><\/figure>\n\r\n","protected":false},"excerpt":{"rendered":"<p>Fue tras la denuncia de vecinos que observaron el macabro hallazgo. El sujeto ten\u00eda alrededor de 50 a\u00f1os de edad.<\/p>\n","protected":false},"author":1,"featured_media":51141,"comment_status":"closed","ping_status":"closed","sticky":false,"template":"","format":"standard","meta":{"colormag_page_container_layout":"default_layout","colormag_page_sidebar_layout":"default_layout","footnotes":""},"categories":[17,6,12],"tags":[2999,2458,652,120],"class_list":["post-51140","post","type-post","status-publish","format-standard","has-post-thumbnail","hentry","category-destacadas","category-hurlingham","category-policiales","tag-cadaver","tag-calcinado","tag-ceamse","tag-muerte"],"_links":{"self":[{"href":"https:\/\/sectorprensa.com.ar\/index.php?rest_route=\/wp\/v2\/posts\/51140","targetHints":{"allow":["GET"]}}],"collection":[{"href":"https:\/\/sectorprensa.com.ar\/index.php?rest_route=\/wp\/v2\/posts"}],"about":[{"href":"https:\/\/sectorprensa.com.ar\/index.php?rest_route=\/wp\/v2\/types\/post"}],"author":[{"embeddable":true,"href":"https:\/\/sectorprensa.com.ar\/index.php?rest_route=\/wp\/v2\/users\/1"}],"replies":[{"embeddable":true,"href":"https:\/\/sectorprensa.com.ar\/index.php?rest_route=%2Fwp%2Fv2%2Fcomments&post=51140"}],"version-history":[{"count":2,"href":"https:\/\/sectorprensa.com.ar\/index.php?rest_route=\/wp\/v2\/posts\/51140\/revisions"}],"predecessor-version":[{"id":51168,"href":"https:\/\/sectorprensa.com.ar\/index.php?rest_route=\/wp\/v2\/posts\/51140\/revisions\/51168"}],"wp:featuredmedia":[{"embeddable":true,"href":"https:\/\/sectorprensa.com.ar\/index.php?rest_route=\/wp\/v2\/media\/51141"}],"wp:attachment":[{"href":"https:\/\/sectorprensa.com.ar\/index.php?rest_route=%2Fwp%2Fv2%2Fmedia&parent=51140"}],"wp:term":[{"taxonomy":"category","embeddable":true,"href":"https:\/\/sectorprensa.com.ar\/index.php?rest_route=%2Fwp%2Fv2%2Fcategories&post=51140"},{"taxonomy":"post_tag","embeddable":true,"href":"https:\/\/sectorprensa.com.ar\/index.php?rest_route=%2Fwp%2Fv2%2Ftags&post=51140"}],"curies":[{"name":"wp","href":"https:\/\/api.w.org\/{rel}","templated":true}]}}