{"id":51173,"date":"2023-01-14T06:05:00","date_gmt":"2023-01-14T09:05:00","guid":{"rendered":"https:\/\/sectorprensa.com.ar\/?p=51173"},"modified":"2023-01-13T14:11:48","modified_gmt":"2023-01-13T17:11:48","slug":"este-fin-de-semana-comienzan-los-carnavales-2023-en-moreno","status":"publish","type":"post","link":"https:\/\/sectorprensa.com.ar\/?p=51173","title":{"rendered":"Este fin de semana comienzan los Carnavales 2023 en Moreno"},"content":{"rendered":"\n<h6 class=\"wp-block-heading\"><strong>La Sonora M\u00e1ster, el S\u00faper Quinteto, Dora2, y Jimmy y su Combo Negro se presentar\u00e1n en vivo en distintos puntos del distrito<\/strong>.<\/h6>\n\n\n\n<p>El Municipio de Moreno,&nbsp;a partir este s\u00e1bado 14 de enero, invita a las y los morenenses a celebrar juntos la cultura popular durante los carnavales&nbsp;que se llevar\u00e1n adelante en distintos puntos del distrito, con shows en vivo para toda la familia.<\/p>\n\n\n\n<p>Los festejos de carnavales iniciar\u00e1n este fin de semana con la&nbsp;presentaci\u00f3n en vivo del grupo Sonora M\u00e1ster, el d\u00eda&nbsp;s\u00e1bado 14 de enero, a las 18 horas, en la calle&nbsp;Tulissi entre C\u00e1ndido Moreno y Finochietto, localidad de&nbsp;Francisco \u00c1lvarez.<\/p>\n\n\n\n<p>El s\u00e1bado siguiente,&nbsp;21 de enero&nbsp;en la localidad de La Reja, sobre Avenida Storni y Ruta 27, Dora2&nbsp;brindar\u00e1 un show en vivo&nbsp;a partir de las 18 horas. Al d\u00eda siguiente tocar\u00e1&nbsp;Jimmy y su Combo Negro, tambi\u00e9n a las 18 horas, en la calle Alcorta, entre Grandi y Lettieri, localidad de Paso del Rey.<\/p>\n\n\n\n<p>El cierre de los carnavales del mes de enero, estar\u00e1 a cargo de la banda S\u00faper Quinteto, el d\u00eda s\u00e1bado 28 de enero a partir de las 18 horas, en Folclor\u00edsimo, ubicado en Cuartel V, sobre Ruta 24 y Murillo.<\/p>\n\n\n\n<p>Las celebraciones de los carnavales continuar\u00e1n durante el mes de febrero con m\u00e1s artistas y shows en vivo en distintas localidades del municipio.<\/p>\n\n\n\n<figure class=\"wp-block-embed is-type-wp-embed is-provider-sector-prensa wp-block-embed-sector-prensa\"><div class=\"wp-block-embed__wrapper\">\n<blockquote class=\"wp-embedded-content\" data-secret=\"NXdg7Y1DnD\"><a href=\"https:\/\/sectorprensa.com.ar\/2023\/01\/11\/moreno-comenzaron-las-colonias-de-verano\/\">Moreno: comenzaron las colonias de verano<\/a><\/blockquote><iframe loading=\"lazy\" class=\"wp-embedded-content\" sandbox=\"allow-scripts\" security=\"restricted\" style=\"position: absolute; clip: rect(1px, 1px, 1px, 1px);\" title=\"\u00abMoreno: comenzaron las colonias de verano\u00bb \u2014 Sector Prensa\" src=\"https:\/\/sectorprensa.com.ar\/2023\/01\/11\/moreno-comenzaron-las-colonias-de-verano\/embed\/#?secret=sOobtFg8Kx#?secret=NXdg7Y1DnD\" data-secret=\"NXdg7Y1DnD\" width=\"600\" height=\"338\" frameborder=\"0\" marginwidth=\"0\" marginheight=\"0\" scrolling=\"no\"><\/iframe>\n<\/div><\/figure>\n\r\n","protected":false},"excerpt":{"rendered":"<p>La Sonora M\u00e1ster, el S\u00faper Quinteto, Dora2, y Jimmy y su Combo Negro se presentar\u00e1n en vivo en distintos puntos<\/p>\n","protected":false},"author":1,"featured_media":51174,"comment_status":"closed","ping_status":"closed","sticky":false,"template":"","format":"standard","meta":{"colormag_page_container_layout":"default_layout","colormag_page_sidebar_layout":"default_layout","footnotes":""},"categories":[9,17,2154,1173,10],"tags":[989,437],"class_list":["post-51173","post","type-post","status-publish","format-standard","has-post-thumbnail","hentry","category-cultura","category-destacadas","category-moreno","category-municipales","category-sociedad","tag-carnaval","tag-moreno"],"_links":{"self":[{"href":"https:\/\/sectorprensa.com.ar\/index.php?rest_route=\/wp\/v2\/posts\/51173","targetHints":{"allow":["GET"]}}],"collection":[{"href":"https:\/\/sectorprensa.com.ar\/index.php?rest_route=\/wp\/v2\/posts"}],"about":[{"href":"https:\/\/sectorprensa.com.ar\/index.php?rest_route=\/wp\/v2\/types\/post"}],"author":[{"embeddable":true,"href":"https:\/\/sectorprensa.com.ar\/index.php?rest_route=\/wp\/v2\/users\/1"}],"replies":[{"embeddable":true,"href":"https:\/\/sectorprensa.com.ar\/index.php?rest_route=%2Fwp%2Fv2%2Fcomments&post=51173"}],"version-history":[{"count":2,"href":"https:\/\/sectorprensa.com.ar\/index.php?rest_route=\/wp\/v2\/posts\/51173\/revisions"}],"predecessor-version":[{"id":51232,"href":"https:\/\/sectorprensa.com.ar\/index.php?rest_route=\/wp\/v2\/posts\/51173\/revisions\/51232"}],"wp:featuredmedia":[{"embeddable":true,"href":"https:\/\/sectorprensa.com.ar\/index.php?rest_route=\/wp\/v2\/media\/51174"}],"wp:attachment":[{"href":"https:\/\/sectorprensa.com.ar\/index.php?rest_route=%2Fwp%2Fv2%2Fmedia&parent=51173"}],"wp:term":[{"taxonomy":"category","embeddable":true,"href":"https:\/\/sectorprensa.com.ar\/index.php?rest_route=%2Fwp%2Fv2%2Fcategories&post=51173"},{"taxonomy":"post_tag","embeddable":true,"href":"https:\/\/sectorprensa.com.ar\/index.php?rest_route=%2Fwp%2Fv2%2Ftags&post=51173"}],"curies":[{"name":"wp","href":"https:\/\/api.w.org\/{rel}","templated":true}]}}