{"id":51213,"date":"2023-01-13T03:02:00","date_gmt":"2023-01-13T06:02:00","guid":{"rendered":"https:\/\/sectorprensa.com.ar\/?p=51213"},"modified":"2023-01-12T23:40:07","modified_gmt":"2023-01-13T02:40:07","slug":"femicidio-de-maria-laura-cejas-detuvieron-al-cuarto-sospechoso","status":"publish","type":"post","link":"https:\/\/sectorprensa.com.ar\/?p=51213","title":{"rendered":"Femicidio de Mar\u00eda Laura Cejas: detuvieron al cuarto sospechoso"},"content":{"rendered":"\n<h6 class=\"wp-block-heading\"><strong>Se trata de Edgardo Mart\u00edn Goyeneche, quien\u00a0est\u00e1 acusado de ser uno de los coautores del crimen y de haber llevado a la v\u00edctima hasta la fiesta en una quinta donde se cree la mataron el pasado domingo.\u00a0 <\/strong><\/h6>\n\n\n\n<p>Un hombre que era buscado como uno de los presuntos autores del femicidio de Mar\u00eda Laura Cejas, a quien el domingo pasado hallaron golpeada, estrangulada y abusada sexualmente en un terreno bald\u00edo de la localidad bonaerense de General Rodr\u00edguez, fue detenido este jueves por la tarde en San Mart\u00edn y ya son cuatro los apresados por el hecho.<\/p>\n\n\n\n<p>Se trata de Edgardo Mart\u00edn Goyeneche, quien fue capturado luego de que efectivos policiales localizaron el utilitario Fiat Fiorino en el que el imputado traslad\u00f3 a la v\u00edctima a la quinta de Villa Trujui, partido de Moreno, donde se sospecha que mataron a la mujer. <\/p>\n\n\n\n<p>Goyeneche ser\u00e1 indagado este viernes por la fiscal Alejandra Rodr\u00edguez, a cargo de la Unidad Funcional de Instrucci\u00f3n (UFI) 9 del Departamento Judicial de Moreno-General Rodr\u00edguez.<\/p>\n\n\n\n<p>La fiscal lo acusa del \u00abhomicidio agravado por ensa\u00f1amiento y alevos\u00eda, para ocultar un delito y procurar la impunidad, por ser perpetrado por un hombre mediando violencia de g\u00e9nero, en concurso real con abuso sexual agravado con acceso carnal y por ser cometido por dos o m\u00e1s personas\u00bb, en perjuicio de Cejas. <\/p>\n\n\n\n<p>Por los mismos delitos, pero con distintos grados de responsabilidad, ayer fueron indagados los primeros detenidos por el femicidio, Adri\u00e1n Emiliano de Jes\u00fas Orfei (50), su novia Sof\u00eda Damaris Rosa (25) y el padre de \u00e9sta, Lino Santiago Jos\u00e9 Rosa. <\/p>\n\n\n\n<p>Orfei y la joven Rosa est\u00e1n acusados de ser \u00abpart\u00edcipes secundarios\u00bb del femicidio, mientras que a Lino Rosa lo imputan de \u00abcoautor\u00bb junto Goyeneche. <\/p>\n\n\n\n<p>Los tres se negaron a declarar ante la fiscal Rodr\u00edguez, quien luego pidi\u00f3 convertir en detenci\u00f3n la aprehensi\u00f3n de los sospechosos, que posteriormente fue convalidado por el Juzgado de Garant\u00edas 1 de esa jurisdicci\u00f3n. <\/p>\n\n\n\n<p>En tanto, este viernes ser\u00e1n inhumados los restos de la mujer asesinada en el cementerio del barrio porte\u00f1o de Chacarita. <\/p>\n\n\n\n<figure class=\"wp-block-embed is-type-wp-embed is-provider-sector-prensa wp-block-embed-sector-prensa\"><div class=\"wp-block-embed__wrapper\">\n<blockquote class=\"wp-embedded-content\" data-secret=\"4gherTQT71\"><a href=\"https:\/\/sectorprensa.com.ar\/2023\/01\/11\/video-femicidio-de-maria-laura-cejas-hay-tres-detenidos\/\">[Video] Femicidio de Mar\u00eda Laura Cejas: hay tres detenidos<\/a><\/blockquote><iframe loading=\"lazy\" class=\"wp-embedded-content\" sandbox=\"allow-scripts\" security=\"restricted\" style=\"position: absolute; clip: rect(1px, 1px, 1px, 1px);\" title=\"\u00ab[Video] Femicidio de Mar\u00eda Laura Cejas: hay tres detenidos\u00bb \u2014 Sector Prensa\" src=\"https:\/\/sectorprensa.com.ar\/2023\/01\/11\/video-femicidio-de-maria-laura-cejas-hay-tres-detenidos\/embed\/#?secret=mUYhLiOI9P#?secret=4gherTQT71\" data-secret=\"4gherTQT71\" width=\"600\" height=\"338\" frameborder=\"0\" marginwidth=\"0\" marginheight=\"0\" scrolling=\"no\"><\/iframe>\n<\/div><\/figure>\n\r\n","protected":false},"excerpt":{"rendered":"<p>Se trata de Edgardo Mart\u00edn Goyeneche, quien\u00a0est\u00e1 acusado de ser uno de los coautores del crimen y de haber llevado<\/p>\n","protected":false},"author":1,"featured_media":51214,"comment_status":"closed","ping_status":"closed","sticky":false,"template":"","format":"standard","meta":{"colormag_page_container_layout":"default_layout","colormag_page_sidebar_layout":"default_layout","footnotes":""},"categories":[4396,6828,2154,12],"tags":[487,667,2164,7351,120],"class_list":["post-51213","post","type-post","status-publish","format-standard","has-post-thumbnail","hentry","category-gral-rodriguez","category-mas-destacadas","category-moreno","category-policiales","tag-detenidos","tag-femicidio","tag-general-rodriguez","tag-maria-laura-cejas","tag-muerte"],"_links":{"self":[{"href":"https:\/\/sectorprensa.com.ar\/index.php?rest_route=\/wp\/v2\/posts\/51213","targetHints":{"allow":["GET"]}}],"collection":[{"href":"https:\/\/sectorprensa.com.ar\/index.php?rest_route=\/wp\/v2\/posts"}],"about":[{"href":"https:\/\/sectorprensa.com.ar\/index.php?rest_route=\/wp\/v2\/types\/post"}],"author":[{"embeddable":true,"href":"https:\/\/sectorprensa.com.ar\/index.php?rest_route=\/wp\/v2\/users\/1"}],"replies":[{"embeddable":true,"href":"https:\/\/sectorprensa.com.ar\/index.php?rest_route=%2Fwp%2Fv2%2Fcomments&post=51213"}],"version-history":[{"count":1,"href":"https:\/\/sectorprensa.com.ar\/index.php?rest_route=\/wp\/v2\/posts\/51213\/revisions"}],"predecessor-version":[{"id":51215,"href":"https:\/\/sectorprensa.com.ar\/index.php?rest_route=\/wp\/v2\/posts\/51213\/revisions\/51215"}],"wp:featuredmedia":[{"embeddable":true,"href":"https:\/\/sectorprensa.com.ar\/index.php?rest_route=\/wp\/v2\/media\/51214"}],"wp:attachment":[{"href":"https:\/\/sectorprensa.com.ar\/index.php?rest_route=%2Fwp%2Fv2%2Fmedia&parent=51213"}],"wp:term":[{"taxonomy":"category","embeddable":true,"href":"https:\/\/sectorprensa.com.ar\/index.php?rest_route=%2Fwp%2Fv2%2Fcategories&post=51213"},{"taxonomy":"post_tag","embeddable":true,"href":"https:\/\/sectorprensa.com.ar\/index.php?rest_route=%2Fwp%2Fv2%2Ftags&post=51213"}],"curies":[{"name":"wp","href":"https:\/\/api.w.org\/{rel}","templated":true}]}}