{"id":51220,"date":"2023-01-13T12:26:32","date_gmt":"2023-01-13T15:26:32","guid":{"rendered":"https:\/\/sectorprensa.com.ar\/?p=51220"},"modified":"2023-01-13T12:27:59","modified_gmt":"2023-01-13T15:27:59","slug":"moron-realizo-un-operativo-de-control-de-alcoholemia-y-documentacion-a-choferes-de-micros","status":"publish","type":"post","link":"https:\/\/sectorprensa.com.ar\/?p=51220","title":{"rendered":"Mor\u00f3n realiz\u00f3 un operativo de control de alcoholemia y documentaci\u00f3n a choferes de micros"},"content":{"rendered":"\n<h6 class=\"wp-block-heading\" id=\"707f\"><strong>Se da en el marco de la Ley de Alcohol Cero al volante que ya se encuentra vigente en la provincia de Buenos Aires.<\/strong><\/h6>\n\n\n\n<p id=\"e568\">El Estado municipal llev\u00f3 adelante un nuevo operativo de control de alcoholemia y documentaci\u00f3n a conductores de \u00f3mnibus de larga distancia en el marco del recambio quincenal del per\u00edodo de vacaciones de verano que provoca un aumento en el flujo vehicular. Estos controles que el Municipio realiza peri\u00f3dicamente, contribuyen a concientizar y promover conductas responsables en la comunidad y evitar accidentes de tr\u00e1nsito.<\/p>\n\n\n\n<p id=\"1e7a\">El intendente Lucas Ghi supervis\u00f3 el operativo de verificaci\u00f3n y control vehicular que tuvo lugar en la terminal de \u00d3mnibus de Mor\u00f3n, ubicada en la esquina de Rivadavia y Saavedra, en el centro de la comuna, all\u00ed coment\u00f3: \u201cdecidimos hacer un control sorpresivo de alcoholemia en nuestra terminal, en este espacio que decidimos relanzar y que hace a la seguridad tanto de quienes trabajan en el sistema de transporte, como de quienes somos ocasionalmente pasajeros. En este sentido, los choferes de micros y de cualquier tipo de veh\u00edculo por ley tienen que tener alcohol cero en sangre. Lo que ya ten\u00edamos como ley vigente en Mor\u00f3n desde hace unos cuantos meses, ahora afortunadamente es una ley a nivel provincial\u201d.<\/p>\n\n\n\n<figure class=\"wp-block-embed is-type-rich is-provider-twitter wp-block-embed-twitter\"><div class=\"wp-block-embed__wrapper\">\n<blockquote class=\"twitter-tweet\" data-width=\"550\" data-dnt=\"true\"><p lang=\"es\" dir=\"ltr\">\ud83d\udc49Este operativo, que continuar\u00e1 durante los pr\u00f3ximos d\u00edas, se da en el marco de la Ley de Alcohol Cero al volante que ya rige en toda la provincia y al recambio quincenal del per\u00edodo de vacaciones de verano\u2600\ufe0f que provoca un mayor flujo en el tr\u00e1nsito. <a href=\"https:\/\/t.co\/9i4iBd3FIr\">pic.twitter.com\/9i4iBd3FIr<\/a><\/p>&mdash; Municipio de Mor\u00f3n (@MunicipioMoron) <a href=\"https:\/\/twitter.com\/MunicipioMoron\/status\/1613669493640761345?ref_src=twsrc%5Etfw\">January 12, 2023<\/a><\/blockquote><script async src=\"https:\/\/platform.twitter.com\/widgets.js\" charset=\"utf-8\"><\/script>\n<\/div><\/figure>\n\n\n\n<p id=\"a2e6\">En ese mismo acto, y a trav\u00e9s del Ministerio de Ambiente y Desarrollo Sostenible de la Naci\u00f3n, se concret\u00f3 la entrega de dos veh\u00edculos el\u00e9ctricos de movilidad sustentable fabricados por una empresa que funciona en el Parque Industrial Tecnol\u00f3gico Aeron\u00e1utico Mor\u00f3n (PITAM). Ambos m\u00f3viles se destinar\u00e1n al patrullaje y monitoreo vial de toda la zona c\u00e9ntrica del distrito y se enmarcan en el programa municipal de Promoci\u00f3n de la Electro movilidad.<\/p>\n\n\n\n<p id=\"e28b\">Al respecto, el jefe comunal sostuvo:\u00a0\u201cEsta adquisici\u00f3n de dos veh\u00edculos que est\u00e1n alimentados por energ\u00eda el\u00e9ctrica tiene que ver con la l\u00ednea de fomento del Estado nacional y en este caso de Mor\u00f3n tambi\u00e9n, de ir generando progresivamente alternativas a la combusti\u00f3n f\u00f3sil y apelar a otros recursos naturales de energ\u00edas limpias para transitar\u201d.\u00a0Y manifest\u00f3:\u00a0\u201cEstas son las primeras unidades. No s\u00f3lo pretendemos seguir incorporando m\u00e1s sino que buscamos que esto sea primer antecedente para el sistema de transporte p\u00fablico que a trav\u00e9s de asistencia crediticia de la banca p\u00fablica fundamentalmente, tambi\u00e9n vaya incorporando unidades que sean alimentadas con esta nueva forma de energ\u00eda. As\u00ed que en las pr\u00f3ximas horas los vecinos y las vecinas van a ver a estas unidades circulando de manera preventiva por Mor\u00f3n, fundamentalmente por las arterias m\u00e1s transitadas\u201d.<\/p>\n\n\n\n<figure class=\"wp-block-embed is-type-rich is-provider-twitter wp-block-embed-twitter\"><div class=\"wp-block-embed__wrapper\">\n<blockquote class=\"twitter-tweet\" data-width=\"550\" data-dnt=\"true\"><p lang=\"es\" dir=\"ltr\">\ud83d\ude4c Trabajamos d\u00eda a d\u00eda en la prevenci\u00f3n y concientizaci\u00f3n vehicular, sumando herramientas amigables con el ambiente.<a href=\"https:\/\/twitter.com\/hashtag\/MunicipioDeMor%C3%B3n?src=hash&amp;ref_src=twsrc%5Etfw\">#MunicipioDeMor\u00f3n<\/a><\/p>&mdash; Municipio de Mor\u00f3n (@MunicipioMoron) <a href=\"https:\/\/twitter.com\/MunicipioMoron\/status\/1613669499928035328?ref_src=twsrc%5Etfw\">January 12, 2023<\/a><\/blockquote><script async src=\"https:\/\/platform.twitter.com\/widgets.js\" charset=\"utf-8\"><\/script>\n<\/div><\/figure>\n\n\n\n<p id=\"ae7c\">En ese sentido, desde hace a\u00f1os el Municipio trabaja con un programa integral de seguridad vial que busca profundizar la conciencia ciudadana, promover conductas responsables y respetuosas de las normas de tr\u00e1nsito, evitar accidentes viales, y contribuir a ordenar la circulaci\u00f3n para disfrutar de una ciudad m\u00e1s segura.<\/p>\n\n\n\n<p id=\"78aa\">Estuvieron presentes durante la jornada el secretario de Seguridad municipal, Gustavo Yapura y el subsecretario de Tr\u00e1nsito y Transporte, Agust\u00edn Ramponelli entre otras y otros funcionarios.<\/p>\n\n\n\n<figure class=\"wp-block-embed is-type-wp-embed is-provider-sector-prensa wp-block-embed-sector-prensa\"><div class=\"wp-block-embed__wrapper\">\n<blockquote class=\"wp-embedded-content\" data-secret=\"70JFQNnEPU\"><a href=\"https:\/\/sectorprensa.com.ar\/2023\/01\/13\/moron-sur-se-inauguro-la-plaza-de-los-jardines\/\">Mor\u00f3n sur: Se inaugur\u00f3 la Plaza de los Jardines<\/a><\/blockquote><iframe loading=\"lazy\" class=\"wp-embedded-content\" sandbox=\"allow-scripts\" security=\"restricted\" style=\"position: absolute; clip: rect(1px, 1px, 1px, 1px);\" title=\"\u00abMor\u00f3n sur: Se inaugur\u00f3 la Plaza de los Jardines\u00bb \u2014 Sector Prensa\" src=\"https:\/\/sectorprensa.com.ar\/2023\/01\/13\/moron-sur-se-inauguro-la-plaza-de-los-jardines\/embed\/#?secret=qRJrw63fgF#?secret=70JFQNnEPU\" data-secret=\"70JFQNnEPU\" width=\"600\" height=\"338\" frameborder=\"0\" marginwidth=\"0\" marginheight=\"0\" scrolling=\"no\"><\/iframe>\n<\/div><\/figure>\n\r\n","protected":false},"excerpt":{"rendered":"<p>Se da en el marco de la Ley de Alcohol Cero al volante que ya se encuentra vigente en la<\/p>\n","protected":false},"author":1,"featured_media":51221,"comment_status":"closed","ping_status":"closed","sticky":false,"template":"","format":"standard","meta":{"colormag_page_container_layout":"default_layout","colormag_page_sidebar_layout":"default_layout","footnotes":""},"categories":[17,5,1173,10],"tags":[7236,6314,311,2525,1751],"class_list":["post-51220","post","type-post","status-publish","format-standard","has-post-thumbnail","hentry","category-destacadas","category-moron","category-municipales","category-sociedad","tag-alcohol-cero","tag-choferes","tag-lucas-ghi","tag-moron-2","tag-operativo"],"_links":{"self":[{"href":"https:\/\/sectorprensa.com.ar\/index.php?rest_route=\/wp\/v2\/posts\/51220","targetHints":{"allow":["GET"]}}],"collection":[{"href":"https:\/\/sectorprensa.com.ar\/index.php?rest_route=\/wp\/v2\/posts"}],"about":[{"href":"https:\/\/sectorprensa.com.ar\/index.php?rest_route=\/wp\/v2\/types\/post"}],"author":[{"embeddable":true,"href":"https:\/\/sectorprensa.com.ar\/index.php?rest_route=\/wp\/v2\/users\/1"}],"replies":[{"embeddable":true,"href":"https:\/\/sectorprensa.com.ar\/index.php?rest_route=%2Fwp%2Fv2%2Fcomments&post=51220"}],"version-history":[{"count":1,"href":"https:\/\/sectorprensa.com.ar\/index.php?rest_route=\/wp\/v2\/posts\/51220\/revisions"}],"predecessor-version":[{"id":51222,"href":"https:\/\/sectorprensa.com.ar\/index.php?rest_route=\/wp\/v2\/posts\/51220\/revisions\/51222"}],"wp:featuredmedia":[{"embeddable":true,"href":"https:\/\/sectorprensa.com.ar\/index.php?rest_route=\/wp\/v2\/media\/51221"}],"wp:attachment":[{"href":"https:\/\/sectorprensa.com.ar\/index.php?rest_route=%2Fwp%2Fv2%2Fmedia&parent=51220"}],"wp:term":[{"taxonomy":"category","embeddable":true,"href":"https:\/\/sectorprensa.com.ar\/index.php?rest_route=%2Fwp%2Fv2%2Fcategories&post=51220"},{"taxonomy":"post_tag","embeddable":true,"href":"https:\/\/sectorprensa.com.ar\/index.php?rest_route=%2Fwp%2Fv2%2Ftags&post=51220"}],"curies":[{"name":"wp","href":"https:\/\/api.w.org\/{rel}","templated":true}]}}