{"id":51229,"date":"2023-01-14T06:00:00","date_gmt":"2023-01-14T09:00:00","guid":{"rendered":"https:\/\/sectorprensa.com.ar\/?p=51229"},"modified":"2023-01-13T14:10:56","modified_gmt":"2023-01-13T17:10:56","slug":"de-milagro-no-sucedio-nada-una-nena-camino-sola-de-madrugada-por-las-calles-de-moron","status":"publish","type":"post","link":"https:\/\/sectorprensa.com.ar\/?p=51229","title":{"rendered":"De milagro no sucedi\u00f3 nada: una nena camin\u00f3 sola de madrugada por las calles de Mor\u00f3n"},"content":{"rendered":"\n<h6 class=\"wp-block-heading\"><strong>Ocurri\u00f3 sobre la avenida Don Bosco, entre Carmen de Patagones y Cucha Cucha. La menor ya est\u00e1 con sus pap\u00e1s.<\/strong><\/h6>\n\n\n\n<p>Afortunadamente no sucedi\u00f3 nada, porque el hecho en s\u00ed caus\u00f3 desesperaci\u00f3n a vecinos de Mor\u00f3n, cuando vieron a una nena caminar sola de madrugada por las calles.<\/p>\n\n\n\n<p>El r\u00e1pido accionar de los vecinos que llamaron a la Polic\u00eda y que hayan comenzado a difundir el caso por redes sociales para encontrar a sus pap\u00e1s fue clave.<\/p>\n\n\n\n<p>El hecho ocurri\u00f3 este viernes cerca de las 2, cuando vieron a la menor de edad caminar sobre la avenida Don Bosco, entre Carmen de Patagones y Cucha Cucha.<\/p>\n\n\n\n<p>Cuando la polic\u00eda lleg\u00f3 al lugar, decidieron tocar timbre en cada una de las casas de alrededor. Por suerte, la nena vive a una cuadra de donde fue encontrada y se reencontr\u00f3 con sus pap\u00e1s minutos despu\u00e9s.<\/p>\n\n\n\n<p>Seg\u00fan averigu\u00f3 Sector Prensa, los padres de la peque\u00f1a se durmieron, ella se qued\u00f3 levantada y sali\u00f3 a la calle. \u00a0<\/p>\n\n\n\n<figure class=\"wp-block-embed is-type-wp-embed is-provider-sector-prensa wp-block-embed-sector-prensa\"><div class=\"wp-block-embed__wrapper\">\n<blockquote class=\"wp-embedded-content\" data-secret=\"Kjq4CuRE1S\"><a href=\"https:\/\/sectorprensa.com.ar\/2023\/01\/13\/policia-mato-a-delincuente-que-intento-robarle-la-camioneta-a-un-hombre\/\">Polic\u00eda mat\u00f3 a delincuente que intent\u00f3 robarle la camioneta a un hombre<\/a><\/blockquote><iframe loading=\"lazy\" class=\"wp-embedded-content\" sandbox=\"allow-scripts\" security=\"restricted\" style=\"position: absolute; clip: rect(1px, 1px, 1px, 1px);\" title=\"\u00abPolic\u00eda mat\u00f3 a delincuente que intent\u00f3 robarle la camioneta a un hombre\u00bb \u2014 Sector Prensa\" src=\"https:\/\/sectorprensa.com.ar\/2023\/01\/13\/policia-mato-a-delincuente-que-intento-robarle-la-camioneta-a-un-hombre\/embed\/#?secret=D0lznzYuXP#?secret=Kjq4CuRE1S\" data-secret=\"Kjq4CuRE1S\" width=\"600\" height=\"338\" frameborder=\"0\" marginwidth=\"0\" marginheight=\"0\" scrolling=\"no\"><\/iframe>\n<\/div><\/figure>\n\r\n","protected":false},"excerpt":{"rendered":"<p>Ocurri\u00f3 sobre la avenida Don Bosco, entre Carmen de Patagones y Cucha Cucha. La menor ya est\u00e1 con sus pap\u00e1s.<\/p>\n","protected":false},"author":1,"featured_media":51230,"comment_status":"closed","ping_status":"closed","sticky":false,"template":"","format":"standard","meta":{"colormag_page_container_layout":"default_layout","colormag_page_sidebar_layout":"default_layout","footnotes":""},"categories":[6828,5,12],"tags":[2370,5885,2525,3290],"class_list":["post-51229","post","type-post","status-publish","format-standard","has-post-thumbnail","hentry","category-mas-destacadas","category-moron","category-policiales","tag-desaparecida","tag-milagro","tag-moron-2","tag-nena"],"_links":{"self":[{"href":"https:\/\/sectorprensa.com.ar\/index.php?rest_route=\/wp\/v2\/posts\/51229","targetHints":{"allow":["GET"]}}],"collection":[{"href":"https:\/\/sectorprensa.com.ar\/index.php?rest_route=\/wp\/v2\/posts"}],"about":[{"href":"https:\/\/sectorprensa.com.ar\/index.php?rest_route=\/wp\/v2\/types\/post"}],"author":[{"embeddable":true,"href":"https:\/\/sectorprensa.com.ar\/index.php?rest_route=\/wp\/v2\/users\/1"}],"replies":[{"embeddable":true,"href":"https:\/\/sectorprensa.com.ar\/index.php?rest_route=%2Fwp%2Fv2%2Fcomments&post=51229"}],"version-history":[{"count":1,"href":"https:\/\/sectorprensa.com.ar\/index.php?rest_route=\/wp\/v2\/posts\/51229\/revisions"}],"predecessor-version":[{"id":51231,"href":"https:\/\/sectorprensa.com.ar\/index.php?rest_route=\/wp\/v2\/posts\/51229\/revisions\/51231"}],"wp:featuredmedia":[{"embeddable":true,"href":"https:\/\/sectorprensa.com.ar\/index.php?rest_route=\/wp\/v2\/media\/51230"}],"wp:attachment":[{"href":"https:\/\/sectorprensa.com.ar\/index.php?rest_route=%2Fwp%2Fv2%2Fmedia&parent=51229"}],"wp:term":[{"taxonomy":"category","embeddable":true,"href":"https:\/\/sectorprensa.com.ar\/index.php?rest_route=%2Fwp%2Fv2%2Fcategories&post=51229"},{"taxonomy":"post_tag","embeddable":true,"href":"https:\/\/sectorprensa.com.ar\/index.php?rest_route=%2Fwp%2Fv2%2Ftags&post=51229"}],"curies":[{"name":"wp","href":"https:\/\/api.w.org\/{rel}","templated":true}]}}