{"id":51240,"date":"2023-01-15T06:04:00","date_gmt":"2023-01-15T09:04:00","guid":{"rendered":"https:\/\/sectorprensa.com.ar\/?p=51240"},"modified":"2023-01-14T11:04:10","modified_gmt":"2023-01-14T14:04:10","slug":"video-merlo-avanza-la-obra-hidraulica-del-arroyo-torres","status":"publish","type":"post","link":"https:\/\/sectorprensa.com.ar\/?p=51240","title":{"rendered":"[Video] Merlo: avanza la obra hidr\u00e1ulica del Arroyo Torres"},"content":{"rendered":"\n<h6 class=\"wp-block-heading\"><strong>El objetivo de la misma es lograr drenar correctamente la cuenca del Arroyo y garantizar el acceso y circulaci\u00f3n en la zona post lluvias para evitar anegamientos y beneficiar a m\u00e1s de 70 mil vecinos y vecinas.<\/strong><\/h6>\n\n\n\n<p>La Secretar\u00eda de Obras y Servicios P\u00fablicos de Merlo lleva adelante la etapa III de la obra hidr\u00e1ulica del Arroyo Torres, en la intersecci\u00f3n de las calles Almirante Brown e Iwanowski en la localidad de Parque San Mart\u00edn.<\/p>\n\n\n\n<p>La labor comprende el saneamiento hidr\u00e1ulico con instalaci\u00f3n de tuber\u00edas pre-moldeadas de di\u00e1metro 800 que conecta a un conducto rectangular de dimensiones mayores (7 mts de ancho y 1,60 mts de altura), el cu\u00e1l va dirigido directamente al arroyo.<\/p>\n\n\n\n<figure class=\"wp-block-embed is-type-video is-provider-youtube wp-block-embed-youtube wp-embed-aspect-16-9 wp-has-aspect-ratio\"><div class=\"wp-block-embed__wrapper\">\n<iframe loading=\"lazy\" title=\"AVANZA LA OBRA HIDR\u00c1ULICA DEL ARROYO TORRES\" width=\"800\" height=\"450\" src=\"https:\/\/www.youtube.com\/embed\/wy81URFxVLk?feature=oembed\" frameborder=\"0\" allow=\"accelerometer; autoplay; clipboard-write; encrypted-media; gyroscope; picture-in-picture; web-share\" allowfullscreen><\/iframe>\n<\/div><\/figure>\n\n\n\n<p>El objetivo de la misma es lograr drenar correctamente la cuenca del Arroyo y garantizar el acceso y circulaci\u00f3n en la zona post lluvias para evitar anegamientos y beneficiar a m\u00e1s de 70 mil vecinos y vecinas.<\/p>\n\n\n\n<p>La encargada de la obra, Jimena Barrios sostuvo: \u201cLa intenci\u00f3n de esta obra es la captaci\u00f3n de agua de las lluvias para evitar inundaciones\u201d y agreg\u00f3 que \u201ces una obra importante, necesaria y que tiene gran demanda por los vecinos hace mucho tiempo\u201d.<\/p>\n\n\n\n<figure class=\"wp-block-embed is-type-wp-embed is-provider-sector-prensa wp-block-embed-sector-prensa\"><div class=\"wp-block-embed__wrapper\">\n<blockquote class=\"wp-embedded-content\" data-secret=\"LLR2j3NCoj\"><a href=\"https:\/\/sectorprensa.com.ar\/2023\/01\/14\/antes-no-habia-en-merlo-un-lugar-en-donde-poder-aprender-estos-oficios\/\">\u201cAntes no hab\u00eda en Merlo un lugar en donde poder aprender estos oficios\u201d<\/a><\/blockquote><iframe loading=\"lazy\" class=\"wp-embedded-content\" sandbox=\"allow-scripts\" security=\"restricted\" style=\"position: absolute; clip: rect(1px, 1px, 1px, 1px);\" title=\"\u00ab\u201cAntes no hab\u00eda en Merlo un lugar en donde poder aprender estos oficios\u201d\u00bb \u2014 Sector Prensa\" src=\"https:\/\/sectorprensa.com.ar\/2023\/01\/14\/antes-no-habia-en-merlo-un-lugar-en-donde-poder-aprender-estos-oficios\/embed\/#?secret=7eLUWZPUin#?secret=LLR2j3NCoj\" data-secret=\"LLR2j3NCoj\" width=\"600\" height=\"338\" frameborder=\"0\" marginwidth=\"0\" marginheight=\"0\" scrolling=\"no\"><\/iframe>\n<\/div><\/figure>\n\r\n","protected":false},"excerpt":{"rendered":"<p>El objetivo de la misma es lograr drenar correctamente la cuenca del Arroyo y garantizar el acceso y circulaci\u00f3n en<\/p>\n","protected":false},"author":1,"featured_media":51241,"comment_status":"closed","ping_status":"closed","sticky":false,"template":"","format":"video","meta":{"colormag_page_container_layout":"default_layout","colormag_page_sidebar_layout":"default_layout","footnotes":""},"categories":[17,7,1173,10],"tags":[1611,25,395,6252,103],"class_list":["post-51240","post","type-post","status-publish","format-video","has-post-thumbnail","hentry","category-destacadas","category-merlo","category-municipales","category-sociedad","tag-arroyo-torres","tag-merlo","tag-obras","tag-obras-hidraulicas","tag-parque-san-martin","post_format-post-format-video"],"_links":{"self":[{"href":"https:\/\/sectorprensa.com.ar\/index.php?rest_route=\/wp\/v2\/posts\/51240","targetHints":{"allow":["GET"]}}],"collection":[{"href":"https:\/\/sectorprensa.com.ar\/index.php?rest_route=\/wp\/v2\/posts"}],"about":[{"href":"https:\/\/sectorprensa.com.ar\/index.php?rest_route=\/wp\/v2\/types\/post"}],"author":[{"embeddable":true,"href":"https:\/\/sectorprensa.com.ar\/index.php?rest_route=\/wp\/v2\/users\/1"}],"replies":[{"embeddable":true,"href":"https:\/\/sectorprensa.com.ar\/index.php?rest_route=%2Fwp%2Fv2%2Fcomments&post=51240"}],"version-history":[{"count":1,"href":"https:\/\/sectorprensa.com.ar\/index.php?rest_route=\/wp\/v2\/posts\/51240\/revisions"}],"predecessor-version":[{"id":51242,"href":"https:\/\/sectorprensa.com.ar\/index.php?rest_route=\/wp\/v2\/posts\/51240\/revisions\/51242"}],"wp:featuredmedia":[{"embeddable":true,"href":"https:\/\/sectorprensa.com.ar\/index.php?rest_route=\/wp\/v2\/media\/51241"}],"wp:attachment":[{"href":"https:\/\/sectorprensa.com.ar\/index.php?rest_route=%2Fwp%2Fv2%2Fmedia&parent=51240"}],"wp:term":[{"taxonomy":"category","embeddable":true,"href":"https:\/\/sectorprensa.com.ar\/index.php?rest_route=%2Fwp%2Fv2%2Fcategories&post=51240"},{"taxonomy":"post_tag","embeddable":true,"href":"https:\/\/sectorprensa.com.ar\/index.php?rest_route=%2Fwp%2Fv2%2Ftags&post=51240"}],"curies":[{"name":"wp","href":"https:\/\/api.w.org\/{rel}","templated":true}]}}