{"id":51271,"date":"2023-01-17T06:05:00","date_gmt":"2023-01-17T09:05:00","guid":{"rendered":"https:\/\/sectorprensa.com.ar\/?p=51271"},"modified":"2023-01-16T12:56:16","modified_gmt":"2023-01-16T15:56:16","slug":"rodriguez-el-municipio-ofrece-actividades-de-verano-para-adultos-mayores","status":"publish","type":"post","link":"https:\/\/sectorprensa.com.ar\/?p=51271","title":{"rendered":"Rodr\u00edguez: el Municipio ofrece actividades de verano para adultos mayores"},"content":{"rendered":"\n<h6 class=\"wp-block-heading\"><strong>Los interesados deben anotarse de lunes a viernes de 15:00 a 19:00 horas en la Direcci\u00f3n de Deportes, en el Rinc\u00f3n de los mayores del Polideportivo Municipal.<\/strong><\/h6>\n\n\n\n<p>La Direcci\u00f3n de Deportes de la Municipalidad de General Rodr\u00edguez inform\u00f3 sobre las diferentes propuestas que ofrece la Colonia de verano municipal para adultos mayores.<\/p>\n\n\n\n<p>Los interesados deben anotarse de lunes a viernes de 15:00 a 19:00 horas en la Direcci\u00f3n de Deportes, en el Rinc\u00f3n de los mayores del Polideportivo Municipal. Podr\u00e1n participar de las diferentes propuestas, entre las que se encuentran:<\/p>\n\n\n\n<p><strong>-Caminatas:<\/strong><em> lunes a viernes de 15:00 a 15:30 horas.<\/em><br><br><strong>-Gimnasia:<\/strong><em> lunes a viernes de 15:30 a 16:30 horas.<\/em><br><br><strong>-Yoga:<\/strong><em> lunes y mi\u00e9rcoles de 16:00 a 17:00 horas.<\/em><br><br><strong>-Taller de cocina:<\/strong><em> mi\u00e9rcoles de 15:00 a 17:00 horas.<\/em><br><br><strong>-Aquagym:<\/strong><em> lunes a viernes de 17:15 a 18:00 horas.<\/em><br><br><strong>-Pileta libre:<\/strong><em>lunes a viernes de 17:15 a 18:15 horas.<\/em><br><br><strong>-Merienda compartida:<\/strong><em>lunes a viernes a las 18:00 horas.<\/em><\/p>\n\n\n\n<figure class=\"wp-block-image size-full\"><img loading=\"lazy\" decoding=\"async\" width=\"600\" height=\"699\" src=\"https:\/\/sectorprensa.com.ar\/wp-content\/uploads\/2023\/01\/gdgd.jpg\" alt=\"\" class=\"wp-image-51272\" srcset=\"https:\/\/sectorprensa.com.ar\/wp-content\/uploads\/2023\/01\/gdgd.jpg 600w, https:\/\/sectorprensa.com.ar\/wp-content\/uploads\/2023\/01\/gdgd-258x300.jpg 258w\" sizes=\"auto, (max-width: 600px) 100vw, 600px\" \/><\/figure>\n\n\n\n<figure class=\"wp-block-embed is-type-wp-embed is-provider-sector-prensa wp-block-embed-sector-prensa\"><div class=\"wp-block-embed__wrapper\">\n<blockquote class=\"wp-embedded-content\" data-secret=\"xO6vQbZGfL\"><a href=\"https:\/\/sectorprensa.com.ar\/2023\/01\/16\/rodriguez-mauro-garcia-recorrio-la-obra-de-la-casa-de-la-provincia\/\">Rodr\u00edguez: Mauro Garc\u00eda recorri\u00f3 la obra de la &#8220;Casa de la Provincia&#8221;<\/a><\/blockquote><iframe loading=\"lazy\" class=\"wp-embedded-content\" sandbox=\"allow-scripts\" security=\"restricted\" style=\"position: absolute; clip: rect(1px, 1px, 1px, 1px);\" title=\"\u00abRodr\u00edguez: Mauro Garc\u00eda recorri\u00f3 la obra de la &#8220;Casa de la Provincia&#8221;\u00bb \u2014 Sector Prensa\" src=\"https:\/\/sectorprensa.com.ar\/2023\/01\/16\/rodriguez-mauro-garcia-recorrio-la-obra-de-la-casa-de-la-provincia\/embed\/#?secret=M086zjtPfp#?secret=xO6vQbZGfL\" data-secret=\"xO6vQbZGfL\" width=\"600\" height=\"338\" frameborder=\"0\" marginwidth=\"0\" marginheight=\"0\" scrolling=\"no\"><\/iframe>\n<\/div><\/figure>\n\r\n","protected":false},"excerpt":{"rendered":"<p>Los interesados deben anotarse de lunes a viernes de 15:00 a 19:00 horas en la Direcci\u00f3n de Deportes, en el<\/p>\n","protected":false},"author":1,"featured_media":51273,"comment_status":"closed","ping_status":"closed","sticky":false,"template":"","format":"standard","meta":{"colormag_page_container_layout":"default_layout","colormag_page_sidebar_layout":"default_layout","footnotes":""},"categories":[17,4396,1173,10],"tags":[5169,1127,2164,2386],"class_list":["post-51271","post","type-post","status-publish","format-standard","has-post-thumbnail","hentry","category-destacadas","category-gral-rodriguez","category-municipales","category-sociedad","tag-actividades-recreativas","tag-adultos-mayores","tag-general-rodriguez","tag-verano"],"_links":{"self":[{"href":"https:\/\/sectorprensa.com.ar\/index.php?rest_route=\/wp\/v2\/posts\/51271","targetHints":{"allow":["GET"]}}],"collection":[{"href":"https:\/\/sectorprensa.com.ar\/index.php?rest_route=\/wp\/v2\/posts"}],"about":[{"href":"https:\/\/sectorprensa.com.ar\/index.php?rest_route=\/wp\/v2\/types\/post"}],"author":[{"embeddable":true,"href":"https:\/\/sectorprensa.com.ar\/index.php?rest_route=\/wp\/v2\/users\/1"}],"replies":[{"embeddable":true,"href":"https:\/\/sectorprensa.com.ar\/index.php?rest_route=%2Fwp%2Fv2%2Fcomments&post=51271"}],"version-history":[{"count":2,"href":"https:\/\/sectorprensa.com.ar\/index.php?rest_route=\/wp\/v2\/posts\/51271\/revisions"}],"predecessor-version":[{"id":51276,"href":"https:\/\/sectorprensa.com.ar\/index.php?rest_route=\/wp\/v2\/posts\/51271\/revisions\/51276"}],"wp:featuredmedia":[{"embeddable":true,"href":"https:\/\/sectorprensa.com.ar\/index.php?rest_route=\/wp\/v2\/media\/51273"}],"wp:attachment":[{"href":"https:\/\/sectorprensa.com.ar\/index.php?rest_route=%2Fwp%2Fv2%2Fmedia&parent=51271"}],"wp:term":[{"taxonomy":"category","embeddable":true,"href":"https:\/\/sectorprensa.com.ar\/index.php?rest_route=%2Fwp%2Fv2%2Fcategories&post=51271"},{"taxonomy":"post_tag","embeddable":true,"href":"https:\/\/sectorprensa.com.ar\/index.php?rest_route=%2Fwp%2Fv2%2Ftags&post=51271"}],"curies":[{"name":"wp","href":"https:\/\/api.w.org\/{rel}","templated":true}]}}