{"id":51433,"date":"2023-01-19T22:52:00","date_gmt":"2023-01-20T01:52:00","guid":{"rendered":"https:\/\/sectorprensa.com.ar\/?p=51433"},"modified":"2023-01-19T22:52:27","modified_gmt":"2023-01-20T01:52:27","slug":"una-madre-denuncia-que-su-hija-fallecio-por-mala-praxis-en-el-hospital-posadas","status":"publish","type":"post","link":"https:\/\/sectorprensa.com.ar\/?p=51433","title":{"rendered":"Una madre denuncia que su hija falleci\u00f3 por mala praxis en el Hospital Posadas"},"content":{"rendered":"\n<h6 class=\"wp-block-heading\"><strong>Lorena denunci\u00f3 que el personal m\u00e9dico no atendi\u00f3 de manera correcta a su hija Milagros, de 22 a\u00f1os, quien falleci\u00f3 en octubre pasado y padec\u00eda Piruvato Carboxilasa.<\/strong><\/h6>\n\n\n\n<p>Milagros es el \u00fanico caso de una persona con Piruvato Carboxilasa que super\u00f3 los seis meses de vida, llegando a vivir 22 a\u00f1os. Sin embargo, de acuerdo al testimonio de su madre, Lorena, una mala praxis deriv\u00f3 en el fallecimiento el pasado 16 de octubre. La historia de vida, aquella \u00faltima internaci\u00f3n y la denuncia hacia la guardia del Hospital Posadas.<\/p>\n\n\n\n<p>\u00abMili naci\u00f3 en el Hospital Posadas. Sab\u00edamos desde el embarazo que ven\u00eda con un problema, pero realmente pens\u00e1bamos que era otra cosa, algo como una hidrocefalia. Pero a los tres meses, entr\u00f3 en terapia intensiva, muy grave. La sangre se intoxica porque le empieza a faltar glucemia, bicarbonato, que es lo que da ox\u00edgeno a la sangre, y eso es lo que hace que ella llegue al punto de descompensarse. Lo que debe hacer un m\u00e9dico es controlarla y darle todo lo que necesita, para mantener sus \u00f3rganos estables. Sino la sangre no llega a sus \u00f3rganos, entra en coma, tiene un paro card\u00edaco o muera\u00bb, explic\u00f3 en Radio B\u00fanker 94.9, en el \u00abTanke de B\u00fanker\u00bb (lunes a viernes, de 10 a 13hs), sobre la enfermedad que padec\u00eda su hija.<\/p>\n\n\n\n<p>\u00abMilagros super\u00f3 los cinco a\u00f1os, tuvo un Port a Cath, que es algo interno para que puedan inyectarla cada vez que ella entre, para compensarla. Yo viajaba una hora y media con ella y avisaba a los m\u00e9dicos, entonces ellos la esperaban\u00bb, cont\u00f3.<\/p>\n\n\n\n<p>Lorena detall\u00f3 c\u00f3mo fue la internaci\u00f3n domiciliaria de Milagros: \u00abElla ten\u00eda que comer, le hab\u00edan dado una bomba, y la atend\u00eda yo en mi casa. La internaci\u00f3n domiciliaria se la hac\u00eda yo. Me fijaba la bomba, le med\u00eda la glucemia, ella estaba bien. Esa bomba, le daba todo lo que a ella le faltaba en su cerebro, porque es como una f\u00e1brica\u00bb.<\/p>\n\n\n\n<p>Por otra parte, remarc\u00f3 que el caso de su hija fue \u00fanico: \u00abEs \u00fanico porque no se llega a diagnosticar, porque muere antes. Ella como supero eso, lleg\u00f3 hasta Estados Unidos su biopsia de piel y m\u00fasculo, y se logr\u00f3 saber que es el \u00fanico caso\u00bb.<\/p>\n\n\n\n<p>La madre de Milagros record\u00f3 aquel episodio del 10 de octubre y denunci\u00f3: \u00abMilagros, despu\u00e9s de 17 a\u00f1os, tiene una descompensaci\u00f3n pero ya no es pedi\u00e1trica, es adulta. Llam\u00e9 a la terapia pedi\u00e1trica para avisar, el m\u00e9dico me dijo que cuando lleg\u00e1ramos a la guardia le avisamos, igual estaba la historia cl\u00ednica. La primera atenci\u00f3n de la guardia me felicit\u00f3 por llevarla siempre a tiempo. Hubo que hacer una tomograf\u00eda por si era algo diferente a lo que ten\u00eda, sali\u00f3 normal. Se supon\u00eda que deb\u00eda ser que estaba un poco deshidratada, es un s\u00edntoma de la enfermedad, y el bicarbonato estaba a nivel. Se iba a compensar s\u00f3lo cuando la hidrataran. Eso fue el 10 de octubre, a las 19hs. Hasta el martes a las 8hs, que la sacaron de ah\u00ed, no entend\u00ed por qu\u00e9, me la pusieron en un lugar de cirug\u00eda con una camilla y computadora. Despu\u00e9s la pasaron a habitaci\u00f3n. Nunca m\u00e1s vi un m\u00e9dico\u00bb.<\/p>\n\n\n\n<p>\u00abEl mi\u00e9rcoles reci\u00e9n veo un m\u00e9dico, me dice que Mili estaba muy grave, muere. Le dije que lo sab\u00eda por todo ese tiempo que nadie la fue a atender, yo la ve\u00eda como agonizaba. El mi\u00e9rcoles me dijeron que hab\u00eda que ponerle respirador, pero el martes a las 3 de la ma\u00f1ana no la entubaron enseguida. Me dijeron que ten\u00edan que hacerle di\u00e1lisis, pero Mili no ten\u00eda ning\u00fan problema de ri\u00f1\u00f3n o pulmones, s\u00f3lo su enfermedad de base. Me dijeron que no resisti\u00f3 la di\u00e1lisis, que hab\u00eda que ponerle un neumot\u00f3rax. Ella era hipogluc\u00e9mica, y ah\u00ed estaba hipergluc\u00e9mica. Estaba todo totalmente descontrolado\u00bb, describi\u00f3 sobre el estado de salud de su hija y la atenci\u00f3n del hospital.<\/p>\n\n\n\n<p>Lorena afirm\u00f3 que no recibi\u00f3 explicaciones el d\u00eda en que falleci\u00f3 su hija: \u00abNadie me dio una explicaci\u00f3n. El 16 de octubre, cuando falleci\u00f3, me llaman a los 8hs para decirme que entr\u00f3 en paro y no la pudieron salvar\u00bb.<\/p>\n\n\n\n<p>\u00abYo no voy a parar, aparte me dijeron conflictiva, a una madre con el \u00fanico paciente vivo, porque nunca entr\u00f3 m\u00e1s nadie. No tuvieron empat\u00eda, no tuvieron amor, me han tratado de la peor manera en mi vida\u00bb, expres\u00f3.<\/p>\n\n\n\n<p>\u00abHice la denuncia porque desde el d\u00eda 1 hasta esa \u00faltima internaci\u00f3n, es la \u00fanica diferente. Siempre fui corriendo para que puedan compensarla. La denuncia es para la guardia\u00bb, dijo.<\/p>\n\n\n\n<p>\u00abNo entiendo porque me la abandonaron. No era su momento, pero no le qued\u00f3 otra que irse, porque como hab\u00eda quedado. No pod\u00eda respirar, la medicaci\u00f3n estaba al m\u00e1ximo como la respiraci\u00f3n. Desde el hospital no hubo ninguna respuesta\u00bb, revel\u00f3.<\/p>\n\n\n\n<figure class=\"wp-block-embed is-type-wp-embed is-provider-sector-prensa wp-block-embed-sector-prensa\"><div class=\"wp-block-embed__wrapper\">\n<blockquote class=\"wp-embedded-content\" data-secret=\"rsldPQsEs0\"><a href=\"https:\/\/sectorprensa.com.ar\/2023\/01\/18\/controladores-buscan-la-creacion-de-policias-de-espectaculos-publicos\/\">Controladores buscan la creaci\u00f3n de polic\u00edas de espect\u00e1culos p\u00fablicos<\/a><\/blockquote><iframe loading=\"lazy\" class=\"wp-embedded-content\" sandbox=\"allow-scripts\" security=\"restricted\" style=\"position: absolute; clip: rect(1px, 1px, 1px, 1px);\" title=\"\u00abControladores buscan la creaci\u00f3n de polic\u00edas de espect\u00e1culos p\u00fablicos\u00bb \u2014 Sector Prensa\" src=\"https:\/\/sectorprensa.com.ar\/2023\/01\/18\/controladores-buscan-la-creacion-de-policias-de-espectaculos-publicos\/embed\/#?secret=YDMT5bliZc#?secret=rsldPQsEs0\" data-secret=\"rsldPQsEs0\" width=\"600\" height=\"338\" frameborder=\"0\" marginwidth=\"0\" marginheight=\"0\" scrolling=\"no\"><\/iframe>\n<\/div><\/figure>\n\r\n","protected":false},"excerpt":{"rendered":"<p>Lorena denunci\u00f3 que el personal m\u00e9dico no atendi\u00f3 de manera correcta a su hija Milagros, de 22 a\u00f1os, quien falleci\u00f3<\/p>\n","protected":false},"author":1,"featured_media":51434,"comment_status":"closed","ping_status":"closed","sticky":false,"template":"","format":"standard","meta":{"colormag_page_container_layout":"default_layout","colormag_page_sidebar_layout":"default_layout","footnotes":""},"categories":[17,10],"tags":[7382,7381],"class_list":["post-51433","post","type-post","status-publish","format-standard","has-post-thumbnail","hentry","category-destacadas","category-sociedad","tag-lorena","tag-piruvato-carboxilasa"],"_links":{"self":[{"href":"https:\/\/sectorprensa.com.ar\/index.php?rest_route=\/wp\/v2\/posts\/51433","targetHints":{"allow":["GET"]}}],"collection":[{"href":"https:\/\/sectorprensa.com.ar\/index.php?rest_route=\/wp\/v2\/posts"}],"about":[{"href":"https:\/\/sectorprensa.com.ar\/index.php?rest_route=\/wp\/v2\/types\/post"}],"author":[{"embeddable":true,"href":"https:\/\/sectorprensa.com.ar\/index.php?rest_route=\/wp\/v2\/users\/1"}],"replies":[{"embeddable":true,"href":"https:\/\/sectorprensa.com.ar\/index.php?rest_route=%2Fwp%2Fv2%2Fcomments&post=51433"}],"version-history":[{"count":1,"href":"https:\/\/sectorprensa.com.ar\/index.php?rest_route=\/wp\/v2\/posts\/51433\/revisions"}],"predecessor-version":[{"id":51435,"href":"https:\/\/sectorprensa.com.ar\/index.php?rest_route=\/wp\/v2\/posts\/51433\/revisions\/51435"}],"wp:featuredmedia":[{"embeddable":true,"href":"https:\/\/sectorprensa.com.ar\/index.php?rest_route=\/wp\/v2\/media\/51434"}],"wp:attachment":[{"href":"https:\/\/sectorprensa.com.ar\/index.php?rest_route=%2Fwp%2Fv2%2Fmedia&parent=51433"}],"wp:term":[{"taxonomy":"category","embeddable":true,"href":"https:\/\/sectorprensa.com.ar\/index.php?rest_route=%2Fwp%2Fv2%2Fcategories&post=51433"},{"taxonomy":"post_tag","embeddable":true,"href":"https:\/\/sectorprensa.com.ar\/index.php?rest_route=%2Fwp%2Fv2%2Ftags&post=51433"}],"curies":[{"name":"wp","href":"https:\/\/api.w.org\/{rel}","templated":true}]}}