{"id":51497,"date":"2023-01-22T10:42:24","date_gmt":"2023-01-22T13:42:24","guid":{"rendered":"https:\/\/sectorprensa.com.ar\/?p=51497"},"modified":"2023-01-22T10:42:26","modified_gmt":"2023-01-22T13:42:26","slug":"larreta-en-tres-de-febrero-nos-estamos-preparando-para-que-juntos-gobierne-la-nacion-y-la-provincia","status":"publish","type":"post","link":"https:\/\/sectorprensa.com.ar\/?p=51497","title":{"rendered":"Larreta en Tres de Febrero: \u201cNos estamos preparando para que Juntos gobierne la naci\u00f3n y la provincia\u201d"},"content":{"rendered":"\n<h6 class=\"wp-block-heading\"><strong>El jefe de Gobierno porte\u00f1o, Horacio Rodr\u00edguez Larreta, estuvo este viernes en el municipio bonaerense de Tres de Febrero junto a su intendente Diego Valenzuela.<\/strong><\/h6>\n\n\n\n<p><strong>En clave de campa\u00f1a, el Jefe de gobierno de la Ciudad de Buenos Aires visit\u00f3 a Diego Valenzuela en Tres de Febrero<\/strong>. En su recorrida <strong>Horacio Rodr\u00edguez Larreta se\u00f1alo<\/strong> ante la prensa local: \u201c<strong>Nos estamos preparando para que Juntos por el Cambio gobierne la naci\u00f3n y la provincia<\/strong>\u201d, dijo y asegur\u00f3 que los dirigentes tienen que tener \u201c<strong>mucha responsabilidad<\/strong>\u201d porque \u201c<strong>sacar a la Argentina adelante es complejo y va a llevar tiempo<\/strong>\u201d.<\/p>\n\n\n<blockquote class=\"twitter-tweet\">\n<p dir=\"ltr\" lang=\"es\">Hoy nos visit\u00f3 <a href=\"https:\/\/twitter.com\/horaciorlarreta?ref_src=twsrc%5Etfw\">@horaciorlarreta<\/a>, hicimos varias actividades juntos y terminamos con una reuni\u00f3n con vecinos en el centro comercial 1 de mayo, en Loma Hermosa. Escucha activa para armar las mejores propuestas provinciales y nacionales! <a href=\"https:\/\/t.co\/w8EBELL4M7\">pic.twitter.com\/w8EBELL4M7<\/a><\/p>\n<p>\u2014 Diego Valenzuela (@dievalen) <a href=\"https:\/\/twitter.com\/dievalen\/status\/1616588186477625346?ref_src=twsrc%5Etfw\">January 21, 2023<\/a><\/p>\n<\/blockquote>\n<p><script async=\"\" src=\"https:\/\/platform.twitter.com\/widgets.js\" charset=\"utf-8\"><\/script><\/p>\n\n\n<p>Rodr\u00edguez Larreta aclar\u00f3 que \u201c<strong>no hay soluciones m\u00e1gicas<\/strong>\u201d y que \u201c<strong>hay que trabajar a fondo y de manera integral<\/strong>\u201d, pero se mostr\u00f3 esperanzado ante el \u201cempuje\u201d y las \u201coportunidades\u201d que ve cuando recorre el pa\u00eds: \u201cCuando veo el litio en el norte, Vaca Muerta, los alimentos que la Argentina produce y que el mundo necesita, y la cantidad de ejemplos de emprendedores, veo futuro y esperanza\u201d.<\/p>\n\n\n\n<p>Consultado por las candidaturas de JXC, aclar\u00f3: \u201c<strong>Hoy la prioridad, por encima de cualquier otra cosa, es la unidad de la oposici\u00f3n<\/strong>; creo que adelantar candidaturas atenta contra esa unidad\u00bb.&nbsp; Asimismo, respald\u00f3 a las elecciones internas como una instancia que \u201cbien planteada y con responsabilidad fortalece la unidad\u201d.<\/p>\n\n\n\n<p><\/p>\n\n\n\n<p>Por su parte, <strong>Diego Valenzuela<\/strong>, se refiri\u00f3 al <strong>trabajo que realiza junto al diputado nacional Diego Santilli<\/strong>: \u201c<strong>Estamos trabajando juntos con la escucha activa a los vecinos <\/strong>y armando los planes de gobierno para la provincia y para la Argentina, desde la visi\u00f3n bonaerense, para Horacio que est\u00e1 caminando mucho el pa\u00eds\u201d.<\/p>\n\n\n\n<p>El intendente de ese distrito manifest\u00f3 la necesidad de replantear algunas responsabilidades para que los municipios funcionen mejor: \u201cNo podemos seguir definiendo en La Plata que se arregle un aula en Laferrere o en Villa Bosch. <strong>Tenemos que descentralizar cuestiones de la educaci\u00f3n, trabajar mejor en la seguridad y pensar la infraestructura en funci\u00f3n de la producci\u00f3n<\/strong>\u201d.<\/p>\n\n\n\n<p><strong>Los referentes de Juntos por el Cambio recorrieron el Centro Deportivo Municipal 1 de Caseros<\/strong> donde se desarrolla la \u201cTemporada de Verano 2023\u201d, con actividades deportivas y recreativas gratuitas como clases de aquagym, gimnasia y newcom.<\/p>\n\n\n\n<p>Luego, junto a la Secretaria de Trabajo y Producci\u00f3n local, Daniela Ramos, otorgaron una habilitaci\u00f3n gratuita a una ferreter\u00eda de la zona. Parte de un paquete de medidas fiscales en favor del trabajo y la producci\u00f3n que el partido implement\u00f3 para comercios, pymes e industrias junto con la reducci\u00f3n de 400 tasas y conceptos fiscales, y a las que ya se sumaron 18 municipios con propuestas similares.<\/p>\n\n\n\n<p>Para cerrar la jornada, <strong>Rodr\u00edguez Larreta mantuvo un encuentro con vecinos<\/strong> para escuchar de primera mano las necesidades y preocupaciones de los bonaerenses.<\/p>\n\r\n","protected":false},"excerpt":{"rendered":"<p>El jefe de Gobierno porte\u00f1o, Horacio Rodr\u00edguez Larreta, estuvo este viernes en el municipio bonaerense de Tres de Febrero junto<\/p>\n","protected":false},"author":1,"featured_media":51498,"comment_status":"closed","ping_status":"closed","sticky":false,"template":"","format":"standard","meta":{"colormag_page_container_layout":"default_layout","colormag_page_sidebar_layout":"default_layout","footnotes":""},"categories":[17,8],"tags":[189,4627,3186,190],"class_list":["post-51497","post","type-post","status-publish","format-standard","has-post-thumbnail","hentry","category-destacadas","category-politica","tag-diego-valenzuela","tag-horacio-rodriguez-larreta","tag-juntos-por-el-cambio","tag-tres-de-febrero"],"_links":{"self":[{"href":"https:\/\/sectorprensa.com.ar\/index.php?rest_route=\/wp\/v2\/posts\/51497","targetHints":{"allow":["GET"]}}],"collection":[{"href":"https:\/\/sectorprensa.com.ar\/index.php?rest_route=\/wp\/v2\/posts"}],"about":[{"href":"https:\/\/sectorprensa.com.ar\/index.php?rest_route=\/wp\/v2\/types\/post"}],"author":[{"embeddable":true,"href":"https:\/\/sectorprensa.com.ar\/index.php?rest_route=\/wp\/v2\/users\/1"}],"replies":[{"embeddable":true,"href":"https:\/\/sectorprensa.com.ar\/index.php?rest_route=%2Fwp%2Fv2%2Fcomments&post=51497"}],"version-history":[{"count":1,"href":"https:\/\/sectorprensa.com.ar\/index.php?rest_route=\/wp\/v2\/posts\/51497\/revisions"}],"predecessor-version":[{"id":51499,"href":"https:\/\/sectorprensa.com.ar\/index.php?rest_route=\/wp\/v2\/posts\/51497\/revisions\/51499"}],"wp:featuredmedia":[{"embeddable":true,"href":"https:\/\/sectorprensa.com.ar\/index.php?rest_route=\/wp\/v2\/media\/51498"}],"wp:attachment":[{"href":"https:\/\/sectorprensa.com.ar\/index.php?rest_route=%2Fwp%2Fv2%2Fmedia&parent=51497"}],"wp:term":[{"taxonomy":"category","embeddable":true,"href":"https:\/\/sectorprensa.com.ar\/index.php?rest_route=%2Fwp%2Fv2%2Fcategories&post=51497"},{"taxonomy":"post_tag","embeddable":true,"href":"https:\/\/sectorprensa.com.ar\/index.php?rest_route=%2Fwp%2Fv2%2Ftags&post=51497"}],"curies":[{"name":"wp","href":"https:\/\/api.w.org\/{rel}","templated":true}]}}