{"id":51514,"date":"2023-01-24T06:20:00","date_gmt":"2023-01-24T09:20:00","guid":{"rendered":"https:\/\/sectorprensa.com.ar\/?p=51514"},"modified":"2023-01-23T16:03:46","modified_gmt":"2023-01-23T19:03:46","slug":"ituzaingo-alberto-descalzo-recorrio-el-avance-de-diferentes-obras","status":"publish","type":"post","link":"https:\/\/sectorprensa.com.ar\/?p=51514","title":{"rendered":"Ituzaing\u00f3: Alberto Descalzo recorri\u00f3 el avance de diferentes obras"},"content":{"rendered":"\n<h6 class=\"wp-block-heading\"><strong>El intendente habl\u00f3 de \u00abun Estado local que, con inversi\u00f3n p\u00fablica y decisi\u00f3n pol\u00edtica, garantiza el derecho a la salud y a la educaci\u00f3n desde la primera infancia\u00bb.<\/strong><\/h6>\n\n\n\n<p>El intendente Alberto Descalzo recorri\u00f3 junto al secretario de Planificaci\u00f3n, Desarrollo Urbano y Ambiente, Mart\u00edn Rossi,&nbsp;el avance de los trabajos del nuevo espacio del Centro de Atenci\u00f3n Primaria Villa \u00c1ngela, el Centro de Desarrollo Infantil La Torcacita, y la puesta a punto de la Sede Ituzaing\u00f3 Sur del Centro Regional Universitario.<\/p>\n\n\n\n<p>Estos trabajos se dan en el&nbsp;marco del fortalecimiento del sistema sanitario y educativo, dentro del Plan Integral de Obras 2023.<\/p>\n\n\n\n<p>Al finalizar la recorrida, Alberto Descalzo afirm\u00f3:&nbsp;\u201cHoy visitamos tres obras que hacen al proyecto integral que venimos llevando adelante en Ituzaing\u00f3, que tiene que ver con seguir construyendo un Estado local que, con inversi\u00f3n p\u00fablica y decisi\u00f3n pol\u00edtica, garantiza el derecho a la salud y a la educaci\u00f3n desde la primera infancia.&nbsp;Como Gobierno Municipal estamos orgullosos de poder seguir avanzando con obras que transforman la realidad de cada vecino y vecina, y que son parte fundamental del desarrollo y el crecimiento de nuestra ciudad.\u201d<\/p>\n\n\n\n<p>Durante la visita se recorrieron los trabajos de la Sede Sur del Centro Regional Universitario, ubicada en Los Pozos y Gelpi.&nbsp;Esta sede tiene&nbsp;una superficie de m\u00e1s de 1500 m2,12 aulas distribuidas entre la Planta Baja y el Primer Piso. Actualmente, se lleva adelante el acondicionamiento y equipamiento del lugar que va a respetar la arquitectura del establecimiento anterior.<\/p>\n\n\n\n<p>Este espacio funcionar\u00e1 desde marzo como una primera sede, hasta que se complete la construcci\u00f3n de la sede central de la Av. Ratti y Thorne, y se podr\u00e1 cursar: Ingenier\u00eda en Inform\u00e1tica, Administraci\u00f3n de Empresas y Profesorado en Educaci\u00f3n F\u00edsica.<\/p>\n\n\n\n<p>Por otra parte, la construcci\u00f3n del CAPS Villa \u00c1ngela, ubicado en Udaondo 974, contar\u00e1 con consultorios \u00edntegramente equipados para la atenci\u00f3n cl\u00ednica, pedi\u00e1trica, psicol\u00f3gica, obst\u00e9trica, cardiol\u00f3gica infantil, odontol\u00f3gica y ginecol\u00f3gica, entre otras; un amplio sector de enfermer\u00eda y farmacia, y una sala de espera principal.<\/p>\n\n\n\n<p>Al igual que todos los centros de atenci\u00f3n primaria, este articular\u00e1 con el&nbsp;Centro de Diagn\u00f3stico Municipal, el cual brinda&nbsp;servicio de laboratorio, ecograf\u00edas, radiograf\u00edas y mamograf\u00edas, y pr\u00f3ximamente tomograf\u00edas,&nbsp;permitiendo un abordaje integral de la salud y el fortalecimiento del sistema preventivo.<\/p>\n\n\n\n<p>En cuanto al avance de la obra del&nbsp;Centro de Desarrollo Infantil II, ubicado en el Centro de Desarrollo Social La Torcacita (Santos Vega y H. Quiroga), es parte del trabajo articulado junto a los Ministerios de Desarrollo Social y Obras P\u00fablicas de la Naci\u00f3n para la puesta en marcha de dos CDI en el distrito,&nbsp;los cuales prev\u00e9n la construcci\u00f3n de espacios &nbsp;seguros para el desarrollo de las primeras infancias, incluyendo adem\u00e1s el acompa\u00f1amiento de pol\u00edticas y programas que brinden asistencia nutricional, estimulaci\u00f3n temprana y psicomotricidad.<\/p>\n\n\n\n<figure class=\"wp-block-embed is-type-wp-embed is-provider-sector-prensa wp-block-embed-sector-prensa\"><div class=\"wp-block-embed__wrapper\">\n<blockquote class=\"wp-embedded-content\" data-secret=\"B1zgynGw5f\"><a href=\"https:\/\/sectorprensa.com.ar\/2023\/01\/19\/ituzaingo-recupero-mas-de-21-millones-en-denuncias-de-defensa-del-consumidor\/\">Ituzaing\u00f3 recuper\u00f3 m\u00e1s de $21 millones en denuncias de Defensa del Consumidor<\/a><\/blockquote><iframe loading=\"lazy\" class=\"wp-embedded-content\" sandbox=\"allow-scripts\" security=\"restricted\" style=\"position: absolute; clip: rect(1px, 1px, 1px, 1px);\" title=\"\u00abItuzaing\u00f3 recuper\u00f3 m\u00e1s de $21 millones en denuncias de Defensa del Consumidor\u00bb \u2014 Sector Prensa\" src=\"https:\/\/sectorprensa.com.ar\/2023\/01\/19\/ituzaingo-recupero-mas-de-21-millones-en-denuncias-de-defensa-del-consumidor\/embed\/#?secret=cOUXK8PoLB#?secret=B1zgynGw5f\" data-secret=\"B1zgynGw5f\" width=\"600\" height=\"338\" frameborder=\"0\" marginwidth=\"0\" marginheight=\"0\" scrolling=\"no\"><\/iframe>\n<\/div><\/figure>\n\r\n","protected":false},"excerpt":{"rendered":"<p>El intendente habl\u00f3 de \u00abun Estado local que, con inversi\u00f3n p\u00fablica y decisi\u00f3n pol\u00edtica, garantiza el derecho a la salud<\/p>\n","protected":false},"author":1,"featured_media":51515,"comment_status":"closed","ping_status":"closed","sticky":false,"template":"","format":"standard","meta":{"colormag_page_container_layout":"default_layout","colormag_page_sidebar_layout":"default_layout","footnotes":""},"categories":[17,4,1173,10],"tags":[86,49,395,7393],"class_list":["post-51514","post","type-post","status-publish","format-standard","has-post-thumbnail","hentry","category-destacadas","category-ituzaingo","category-municipales","category-sociedad","tag-alberto-descalzo","tag-ituzaingo","tag-obras","tag-plan-integral-de-obras"],"_links":{"self":[{"href":"https:\/\/sectorprensa.com.ar\/index.php?rest_route=\/wp\/v2\/posts\/51514","targetHints":{"allow":["GET"]}}],"collection":[{"href":"https:\/\/sectorprensa.com.ar\/index.php?rest_route=\/wp\/v2\/posts"}],"about":[{"href":"https:\/\/sectorprensa.com.ar\/index.php?rest_route=\/wp\/v2\/types\/post"}],"author":[{"embeddable":true,"href":"https:\/\/sectorprensa.com.ar\/index.php?rest_route=\/wp\/v2\/users\/1"}],"replies":[{"embeddable":true,"href":"https:\/\/sectorprensa.com.ar\/index.php?rest_route=%2Fwp%2Fv2%2Fcomments&post=51514"}],"version-history":[{"count":2,"href":"https:\/\/sectorprensa.com.ar\/index.php?rest_route=\/wp\/v2\/posts\/51514\/revisions"}],"predecessor-version":[{"id":51524,"href":"https:\/\/sectorprensa.com.ar\/index.php?rest_route=\/wp\/v2\/posts\/51514\/revisions\/51524"}],"wp:featuredmedia":[{"embeddable":true,"href":"https:\/\/sectorprensa.com.ar\/index.php?rest_route=\/wp\/v2\/media\/51515"}],"wp:attachment":[{"href":"https:\/\/sectorprensa.com.ar\/index.php?rest_route=%2Fwp%2Fv2%2Fmedia&parent=51514"}],"wp:term":[{"taxonomy":"category","embeddable":true,"href":"https:\/\/sectorprensa.com.ar\/index.php?rest_route=%2Fwp%2Fv2%2Fcategories&post=51514"},{"taxonomy":"post_tag","embeddable":true,"href":"https:\/\/sectorprensa.com.ar\/index.php?rest_route=%2Fwp%2Fv2%2Ftags&post=51514"}],"curies":[{"name":"wp","href":"https:\/\/api.w.org\/{rel}","templated":true}]}}