{"id":51716,"date":"2023-01-31T06:05:00","date_gmt":"2023-01-31T09:05:00","guid":{"rendered":"https:\/\/sectorprensa.com.ar\/?p=51716"},"modified":"2023-01-30T11:33:15","modified_gmt":"2023-01-30T14:33:15","slug":"rodriguez-grabaran-una-pelicula-con-conocidas-figuras-de-tv-y-cine-argentino","status":"publish","type":"post","link":"https:\/\/sectorprensa.com.ar\/?p=51716","title":{"rendered":"Rodr\u00edguez: Grabar\u00e1n una pel\u00edcula con conocidas figuras de TV y cine argentino"},"content":{"rendered":"\n<h6 class=\"wp-block-heading\"><strong>As\u00ed lo anunci\u00f3 el director de Cultura municipal, Fernando P\u00e9rez. Ser\u00e1 una nueva producci\u00f3n de Eduardo Pinto, el mismo director de la pel\u00edcula El Desarmadero, tambi\u00e9n grabada en el distrito.<\/strong><\/h6>\n\n\n\n<p>El nuevo filme se llamar\u00e1\u00a0\u201cLas Nubes\u201d, una apuesta bajo la direcci\u00f3n de Eduardo Pintos y la actuaci\u00f3n de Guillermo Zapata, quien reside en Estados Unidos. La pel\u00edcula poseer\u00e1 una tem\u00e1tica policial y se espera que se concrete a partir del mes de febrero.<\/p>\n\n\n\n<p>Eduardo Pinto es director de cine, guionista y director de fotograf\u00eda argentino-portugu\u00e9s. De concretarse el filme,\u00a0la ciudad tendr\u00eda la visita de los actores y actrices: Leonor Manso, Luis Mach\u00edn, Daniel Fanego, Sof\u00eda Gala Castiglione, Luciano C\u00e1ceres, Andrea Rinc\u00f3n y Pablo Pintos, un grupo de actores afines que ya han realizado pel\u00edculas en General Rodr\u00edguez.\u00a0<\/p>\n\n\n\n<p>Pint\u00f3 ya hab\u00eda dirigido El Desarmadero, una pel\u00edcula que fue grabada \u00edntegramente en el distrito y que fue proyectada en diciembre de 2021 en simult\u00e1neo con el Festival Internacional de Mar del Plata.<\/p>\n\n\n\n<p>Cabe mencionar que, a pedido de P\u00e9rez, en el equipo t\u00e9cnico que integrar\u00e1 la filmaci\u00f3n habr\u00e1 trabajadores rodriguenses. As\u00ed, como otros rubros de la ciudad que estar\u00e1n involucrados de manera mediata e inmediata, como el catering, ferreter\u00edas, remises, y dem\u00e1s.<\/p>\n\n\n\n<p>El funcionario destac\u00f3 la existencia de multiplicidad de escenarios que hay en la ciudad, lo que \u00ables facilita a los productores concretar sus proyectos aqu\u00ed\u00bb.<\/p>\n\n\n\n<figure class=\"wp-block-embed is-type-wp-embed is-provider-sector-prensa wp-block-embed-sector-prensa\"><div class=\"wp-block-embed__wrapper\">\n<blockquote class=\"wp-embedded-content\" data-secret=\"8lqSHdB2Lt\"><a href=\"https:\/\/sectorprensa.com.ar\/2023\/01\/25\/merlo-la-secretaria-de-cultura-fue-distinguida-en-los-martin-fierro-digitales\/\">Merlo: la Secretar\u00eda de Cultura fue distinguida en los Mart\u00edn Fierro Digitales<\/a><\/blockquote><iframe loading=\"lazy\" class=\"wp-embedded-content\" sandbox=\"allow-scripts\" security=\"restricted\" style=\"position: absolute; clip: rect(1px, 1px, 1px, 1px);\" title=\"\u00abMerlo: la Secretar\u00eda de Cultura fue distinguida en los Mart\u00edn Fierro Digitales\u00bb \u2014 Sector Prensa\" src=\"https:\/\/sectorprensa.com.ar\/2023\/01\/25\/merlo-la-secretaria-de-cultura-fue-distinguida-en-los-martin-fierro-digitales\/embed\/#?secret=DpDqE20Elv#?secret=8lqSHdB2Lt\" data-secret=\"8lqSHdB2Lt\" width=\"600\" height=\"338\" frameborder=\"0\" marginwidth=\"0\" marginheight=\"0\" scrolling=\"no\"><\/iframe>\n<\/div><\/figure>\n\r\n","protected":false},"excerpt":{"rendered":"<p>As\u00ed lo anunci\u00f3 el director de Cultura municipal, Fernando P\u00e9rez. Ser\u00e1 una nueva producci\u00f3n de Eduardo Pinto, el mismo director<\/p>\n","protected":false},"author":1,"featured_media":51717,"comment_status":"closed","ping_status":"closed","sticky":false,"template":"","format":"standard","meta":{"colormag_page_container_layout":"default_layout","colormag_page_sidebar_layout":"default_layout","footnotes":""},"categories":[9,17,4396],"tags":[7420,2164,4562],"class_list":["post-51716","post","type-post","status-publish","format-standard","has-post-thumbnail","hentry","category-cultura","category-destacadas","category-gral-rodriguez","tag-fernando-perez","tag-general-rodriguez","tag-peliculas"],"_links":{"self":[{"href":"https:\/\/sectorprensa.com.ar\/index.php?rest_route=\/wp\/v2\/posts\/51716","targetHints":{"allow":["GET"]}}],"collection":[{"href":"https:\/\/sectorprensa.com.ar\/index.php?rest_route=\/wp\/v2\/posts"}],"about":[{"href":"https:\/\/sectorprensa.com.ar\/index.php?rest_route=\/wp\/v2\/types\/post"}],"author":[{"embeddable":true,"href":"https:\/\/sectorprensa.com.ar\/index.php?rest_route=\/wp\/v2\/users\/1"}],"replies":[{"embeddable":true,"href":"https:\/\/sectorprensa.com.ar\/index.php?rest_route=%2Fwp%2Fv2%2Fcomments&post=51716"}],"version-history":[{"count":1,"href":"https:\/\/sectorprensa.com.ar\/index.php?rest_route=\/wp\/v2\/posts\/51716\/revisions"}],"predecessor-version":[{"id":51718,"href":"https:\/\/sectorprensa.com.ar\/index.php?rest_route=\/wp\/v2\/posts\/51716\/revisions\/51718"}],"wp:featuredmedia":[{"embeddable":true,"href":"https:\/\/sectorprensa.com.ar\/index.php?rest_route=\/wp\/v2\/media\/51717"}],"wp:attachment":[{"href":"https:\/\/sectorprensa.com.ar\/index.php?rest_route=%2Fwp%2Fv2%2Fmedia&parent=51716"}],"wp:term":[{"taxonomy":"category","embeddable":true,"href":"https:\/\/sectorprensa.com.ar\/index.php?rest_route=%2Fwp%2Fv2%2Fcategories&post=51716"},{"taxonomy":"post_tag","embeddable":true,"href":"https:\/\/sectorprensa.com.ar\/index.php?rest_route=%2Fwp%2Fv2%2Ftags&post=51716"}],"curies":[{"name":"wp","href":"https:\/\/api.w.org\/{rel}","templated":true}]}}