{"id":51855,"date":"2023-02-02T22:09:50","date_gmt":"2023-02-03T01:09:50","guid":{"rendered":"https:\/\/sectorprensa.com.ar\/?p=51855"},"modified":"2023-02-02T22:09:52","modified_gmt":"2023-02-03T01:09:52","slug":"celeste-fierro-es-un-estado-paralelo-la-policia-no-ingreso","status":"publish","type":"post","link":"https:\/\/sectorprensa.com.ar\/?p=51855","title":{"rendered":"Celeste Fierro: \u00abes un Estado paralelo, la polic\u00eda no ingres\u00f3\u00bb"},"content":{"rendered":"\n<h6 class=\"wp-block-heading\"><strong>La integrante del Movimiento Socialista de los Trabajadores cont\u00f3 lo sucedido en Lago Escondido, donde recibi\u00f3 una brutal agresi\u00f3n junto a sus compa\u00f1eros.<\/strong><\/h6>\n\n\n\n<p>Este mi\u00e9rcoles Celeste Fierro, integrante del Movimiento Socialista de los Trabajadores, intentaron ingresar a Lago Escondido junto a los militantes. En ese momento, los empleados de Joe Lewis les impidieron el paso y los agredieron brutalmente, en las redes sociales circularon fotos y v\u00eddeos de la dirigente ensangrentada. Fierro di\u00e1logo con un medio radial para detallar lo sucedido, cont\u00f3 como se encuentra, denunci\u00f3 \u00abinacci\u00f3n\u00bb de las fuerzas de seguridad y asegur\u00f3 que las manifestaciones seguir\u00e1n hasta el fin de semana.<\/p>\n\n\n\n<p>\u00abEn este momento estamos mejor, golpeados por supuesto, pero seguimos en pie y eso no es menos, aunque fue grav\u00edsimo lo que pas\u00f3 ayer. Lamentablemente tenemos que decir que esto no nos sorprende, es la s\u00e9ptima marcha a Lago Escondido y ya se dieron anteriormente hechos de violencia por parte de la patota de Lewis\u00bb, expres\u00f3 en Radio B\u00fanker 94.9, en el \u00abTanke de B\u00fanker\u00bb (lunes a viernes, de 10 a 13hs). <\/p>\n\n\n\n<p>Fierro se refiri\u00f3 a la represi\u00f3n que ejercieron sobre ella y sus compa\u00f1eros: \u00abEsta vez fue completamente brutal, golpeando a los ocho compa\u00f1eros que ingresamos caminando. Fuimos por el camino p\u00fablico, y cuando intentamos salir por Tacuif\u00ed hac\u00eda la Ruta 40, fue cuando nos tiraron los caballos encima, nos golpearon. En mi caso, cuando levant\u00e9 a un compa\u00f1ero del suelo y empezamos a irnos hacia atr\u00e1s, me golpearon con un palo en la cabeza\u00bb, cont\u00f3.<\/p>\n\n\n\n<p>Luego, critic\u00f3 la falta de autoridades ante lo sucedido: \u00abEs un Estado paralelo, donde no ingres\u00f3 la polic\u00eda y no dan lugar a los fallos judiciales que ya existen. No hay un solo fallo judicial, el \u00faltimo es de 2022, pero hay donde dicen que el lago es un bien p\u00fablico y que, como dice la ley de R\u00edo Negro, tienen que ser de acceso libre todas las riberas y espejos de agua. Sin embargo, Lewis y sus secuaces siguen impidiendo el paso y actuando con esta violencia\u00bb, manifest\u00f3.<\/p>\n\n\n\n<p>El nivel de violencia en la marcha: \u00abA\u00f1os anteriores han dejado a compa\u00f1eros del lado del lago, poniendo en riesgo sus vidas por la hipotermia, tuvieron que ser rescatados por helic\u00f3pteros. Hoy, siguen en peligro 60 compa\u00f1eros que est\u00e1n haciendo el camino de monta\u00f1a, todav\u00eda no tenemos noticias de ellos. Esta ha sido brutal, tremenda, como a\u00f1os anteriores\u00bb, dijo.<\/p>\n\n\n\n<p>\u00abNuestros compa\u00f1eros dijeron que \u00edbamos a estar caminando, est\u00e1bamos cerca de llegar, y hubo inacci\u00f3n de la polic\u00eda. Despu\u00e9s demoraron el ingreso de la ambulancia, fue algo muy grave. Demuestran que no hay justicia, no hay Estado y que terminan fallando para este sector, que tiene convivencia con el poder pol\u00edtico, econ\u00f3mico y judicial\u00bb, remarc\u00f3.<\/p>\n\n\n\n<figure class=\"wp-block-embed is-type-rich is-provider-twitter wp-block-embed-twitter\"><div class=\"wp-block-embed__wrapper\">\n<blockquote class=\"twitter-tweet\" data-width=\"550\" data-dnt=\"true\"><p lang=\"es\" dir=\"ltr\">La acci\u00f3n de la polic\u00eda, nula.<br>Si a 200 metros de la Ruta 40 los enviados de Lewis nos cagaron a palos, los que vienen por el Camino de Monta\u00f1a corren peligro.<br><br>Hacemos responsables a la polic\u00eda, a la justicia y al gobierno de la integridad de los compa\u00f1eros.<a href=\"https:\/\/twitter.com\/hashtag\/LagoEscondido?src=hash&amp;ref_src=twsrc%5Etfw\">#LagoEscondido<\/a> <a href=\"https:\/\/t.co\/OxdCnYfggP\">pic.twitter.com\/OxdCnYfggP<\/a><\/p>&mdash; Cele Fierro (@Cele_Fierro) <a href=\"https:\/\/twitter.com\/Cele_Fierro\/status\/1621189401723211776?ref_src=twsrc%5Etfw\">February 2, 2023<\/a><\/blockquote><script async src=\"https:\/\/platform.twitter.com\/widgets.js\" charset=\"utf-8\"><\/script>\n<\/div><\/figure>\n\n\n\n<p>\u00abEl que piensa que eso est\u00e1 bien, creo que no hay ning\u00fan debate que se le pueda dar. Tiene que quedar claro que es un camino p\u00fablico, que hay fallos de la justicia, se impide el acceso al lago que es patrimonio de todos los argentinos. Ac\u00e1 quienes est\u00e1n incumpliendo eso, son estos sectores que responden a Lewis\u00bb, se\u00f1al\u00f3 sobre quienes avalaban la represi\u00f3n.<\/p>\n\n\n\n<p>El regreso a Buenos Aires: \u00abEsta movilizaci\u00f3n va a ser durante toda la semana, reci\u00e9n estar\u00edamos regresando el s\u00e1bado o domingo a Buenos Aires\u00bb, asegur\u00f3.<\/p>\n\n\n\n<figure class=\"wp-block-embed is-type-wp-embed is-provider-sector-prensa wp-block-embed-sector-prensa\"><div class=\"wp-block-embed__wrapper\">\n<blockquote class=\"wp-embedded-content\" data-secret=\"JkRUnJiTif\"><a href=\"https:\/\/sectorprensa.com.ar\/2023\/02\/01\/eduardo-alessi-hay-que-ser-concretos-de-cara-a-la-sociedad-con-candidatos-y-propuestas\/\">Eduardo Alessi: &#8220;hay que ser concretos de cara a la sociedad, con candidatos y propuestas&#8221;<\/a><\/blockquote><iframe loading=\"lazy\" class=\"wp-embedded-content\" sandbox=\"allow-scripts\" security=\"restricted\" style=\"position: absolute; clip: rect(1px, 1px, 1px, 1px);\" title=\"\u00abEduardo Alessi: &#8220;hay que ser concretos de cara a la sociedad, con candidatos y propuestas&#8221;\u00bb \u2014 Sector Prensa\" src=\"https:\/\/sectorprensa.com.ar\/2023\/02\/01\/eduardo-alessi-hay-que-ser-concretos-de-cara-a-la-sociedad-con-candidatos-y-propuestas\/embed\/#?secret=SfnRp7Y8yW#?secret=JkRUnJiTif\" data-secret=\"JkRUnJiTif\" width=\"600\" height=\"338\" frameborder=\"0\" marginwidth=\"0\" marginheight=\"0\" scrolling=\"no\"><\/iframe>\n<\/div><\/figure>\n\r\n","protected":false},"excerpt":{"rendered":"<p>La integrante del Movimiento Socialista de los Trabajadores cont\u00f3 lo sucedido en Lago Escondido, donde recibi\u00f3 una brutal agresi\u00f3n junto<\/p>\n","protected":false},"author":1,"featured_media":51856,"comment_status":"closed","ping_status":"closed","sticky":false,"template":"","format":"standard","meta":{"colormag_page_container_layout":"default_layout","colormag_page_sidebar_layout":"default_layout","footnotes":""},"categories":[17,8],"tags":[6405,447],"class_list":["post-51855","post","type-post","status-publish","format-standard","has-post-thumbnail","hentry","category-destacadas","category-politica","tag-celeste-fierro","tag-mst"],"_links":{"self":[{"href":"https:\/\/sectorprensa.com.ar\/index.php?rest_route=\/wp\/v2\/posts\/51855","targetHints":{"allow":["GET"]}}],"collection":[{"href":"https:\/\/sectorprensa.com.ar\/index.php?rest_route=\/wp\/v2\/posts"}],"about":[{"href":"https:\/\/sectorprensa.com.ar\/index.php?rest_route=\/wp\/v2\/types\/post"}],"author":[{"embeddable":true,"href":"https:\/\/sectorprensa.com.ar\/index.php?rest_route=\/wp\/v2\/users\/1"}],"replies":[{"embeddable":true,"href":"https:\/\/sectorprensa.com.ar\/index.php?rest_route=%2Fwp%2Fv2%2Fcomments&post=51855"}],"version-history":[{"count":1,"href":"https:\/\/sectorprensa.com.ar\/index.php?rest_route=\/wp\/v2\/posts\/51855\/revisions"}],"predecessor-version":[{"id":51857,"href":"https:\/\/sectorprensa.com.ar\/index.php?rest_route=\/wp\/v2\/posts\/51855\/revisions\/51857"}],"wp:featuredmedia":[{"embeddable":true,"href":"https:\/\/sectorprensa.com.ar\/index.php?rest_route=\/wp\/v2\/media\/51856"}],"wp:attachment":[{"href":"https:\/\/sectorprensa.com.ar\/index.php?rest_route=%2Fwp%2Fv2%2Fmedia&parent=51855"}],"wp:term":[{"taxonomy":"category","embeddable":true,"href":"https:\/\/sectorprensa.com.ar\/index.php?rest_route=%2Fwp%2Fv2%2Fcategories&post=51855"},{"taxonomy":"post_tag","embeddable":true,"href":"https:\/\/sectorprensa.com.ar\/index.php?rest_route=%2Fwp%2Fv2%2Ftags&post=51855"}],"curies":[{"name":"wp","href":"https:\/\/api.w.org\/{rel}","templated":true}]}}