{"id":51879,"date":"2023-02-04T02:02:56","date_gmt":"2023-02-04T05:02:56","guid":{"rendered":"https:\/\/sectorprensa.com.ar\/?p=51879"},"modified":"2023-02-04T16:05:32","modified_gmt":"2023-02-04T19:05:32","slug":"el-gallo-tuvo-un-mal-paso-en-su-debut","status":"publish","type":"post","link":"https:\/\/sectorprensa.com.ar\/?p=51879","title":{"rendered":"<strong>El Gallo tuvo un mal paso en su debut<\/strong>"},"content":{"rendered":"\n<h6 class=\"wp-block-heading\"><strong>Deportivo Mor\u00f3n cay\u00f3 como local ante Almagro en el inicio de la Primera Nacional. Ya piensa en levantar cabeza ante Agropecuario, su pr\u00f3ximo rival.<\/strong><\/h6>\n\n\n\n<p>Hab\u00eda gran expectativa para el debut del Deportivo Mor\u00f3n en la Temporada 2023 de la Primera Nacional, sin embargo Almagro lo super\u00f3 1-0 en el Nuevo Francisco Urbano. &nbsp;&nbsp;<\/p>\n\n\n\n<p>El reforzado equipo de la dupla Migliardi-Iturrieta cont\u00f3 con el apoyo de m\u00e1s de 18 mil personas que padecieron 90 minutos flojos de un conjunto del que se espera que luche en los puestos de arriba.<\/p>\n\n\n\n<p>Sin ser una maravilla, Almagro se puso en ventaja con gol de Mauricio Guzm\u00e1n, de cabeza, a los 26\u2019 del primer tiempo. Luego jug\u00f3 m\u00e1s con las imprecisiones del gallo que otra cosa.<\/p>\n\n\n\n<p>Mor\u00f3n ya piensa en el duelo en Carlos Casares ante Argentino Agropecuario para recuperarse del mal debut en el inicio de la Zona A de la Primera Nacional.<\/p>\n\n\n<blockquote class=\"twitter-tweet\">\n<p lang=\"es\" dir=\"ltr\">\u26bd\ufe0f \u00a1VENTAJA TRICOLOR! Guzm\u00e1n puso el 1-0 de <a href=\"https:\/\/twitter.com\/almagroficial?ref_src=twsrc%5Etfw\">@almagroficial<\/a> ante Deportivo Mor\u00f3n.<\/p>\n<p>Lo viv\u00eds en DSPORTS y <a href=\"https:\/\/twitter.com\/DGO_Latam?ref_src=twsrc%5Etfw\">@DGO_Latam<\/a>.<a href=\"https:\/\/twitter.com\/hashtag\/AscensoEnDSPORTS?src=hash&amp;ref_src=twsrc%5Etfw\">#AscensoEnDSPORTS<\/a> <a href=\"https:\/\/t.co\/INwFi0KL4r\">pic.twitter.com\/INwFi0KL4r<\/a><\/p>\n<p>\u2014 DSportsAr (@directvsportsar) <a href=\"https:\/\/twitter.com\/directvsportsar\/status\/1621683624834654208?ref_src=twsrc%5Etfw\">February 4, 2023<\/a><\/p><\/blockquote>\n<p> <script async=\"\" src=\"https:\/\/platform.twitter.com\/widgets.js\" charset=\"utf-8\"><\/script><\/p>\r\n","protected":false},"excerpt":{"rendered":"<p>Deportivo Mor\u00f3n cay\u00f3 como local ante Almagro en el inicio de la Primera Nacional. Ya piensa en levantar cabeza ante<\/p>\n","protected":false},"author":1,"featured_media":51880,"comment_status":"closed","ping_status":"closed","sticky":false,"template":"","format":"standard","meta":{"colormag_page_container_layout":"default_layout","colormag_page_sidebar_layout":"default_layout","footnotes":""},"categories":[11,17],"tags":[55,3397],"class_list":["post-51879","post","type-post","status-publish","format-standard","has-post-thumbnail","hentry","category-deportes","category-destacadas","tag-deportivo-moron","tag-primera-nacional"],"_links":{"self":[{"href":"https:\/\/sectorprensa.com.ar\/index.php?rest_route=\/wp\/v2\/posts\/51879","targetHints":{"allow":["GET"]}}],"collection":[{"href":"https:\/\/sectorprensa.com.ar\/index.php?rest_route=\/wp\/v2\/posts"}],"about":[{"href":"https:\/\/sectorprensa.com.ar\/index.php?rest_route=\/wp\/v2\/types\/post"}],"author":[{"embeddable":true,"href":"https:\/\/sectorprensa.com.ar\/index.php?rest_route=\/wp\/v2\/users\/1"}],"replies":[{"embeddable":true,"href":"https:\/\/sectorprensa.com.ar\/index.php?rest_route=%2Fwp%2Fv2%2Fcomments&post=51879"}],"version-history":[{"count":1,"href":"https:\/\/sectorprensa.com.ar\/index.php?rest_route=\/wp\/v2\/posts\/51879\/revisions"}],"predecessor-version":[{"id":51881,"href":"https:\/\/sectorprensa.com.ar\/index.php?rest_route=\/wp\/v2\/posts\/51879\/revisions\/51881"}],"wp:featuredmedia":[{"embeddable":true,"href":"https:\/\/sectorprensa.com.ar\/index.php?rest_route=\/wp\/v2\/media\/51880"}],"wp:attachment":[{"href":"https:\/\/sectorprensa.com.ar\/index.php?rest_route=%2Fwp%2Fv2%2Fmedia&parent=51879"}],"wp:term":[{"taxonomy":"category","embeddable":true,"href":"https:\/\/sectorprensa.com.ar\/index.php?rest_route=%2Fwp%2Fv2%2Fcategories&post=51879"},{"taxonomy":"post_tag","embeddable":true,"href":"https:\/\/sectorprensa.com.ar\/index.php?rest_route=%2Fwp%2Fv2%2Ftags&post=51879"}],"curies":[{"name":"wp","href":"https:\/\/api.w.org\/{rel}","templated":true}]}}